{"id":197779,"date":"2022-02-01T17:24:00","date_gmt":"2022-02-01T23:24:00","guid":{"rendered":"http:\/\/vertienteglobal.com\/?p=197779"},"modified":"2022-02-02T17:02:10","modified_gmt":"2022-02-02T23:02:10","slug":"vacuna-contra-la-covid-de-pfizer-para-menores-de-5-anos-estaria-disponible-en-febrero-the-washington-post","status":"publish","type":"post","link":"http:\/\/vertienteglobal.com\/?p=197779","title":{"rendered":"Vacuna contra la COVID de Pfizer para menores de 5 a\u00f1os estar\u00eda disponible en febrero: The Washington Post"},"content":{"rendered":"\n<div class=\"twitterbutton\" style=\"float: right; padding-left: 5px;\"><a href=\"http:\/\/twitter.com\/share\" class=\"twitter-share-button\" data-count=\"horizontal\" data-text=\"Vacuna contra la COVID de Pfizer para menores de 5 a\u00f1os estar\u00eda disponible en ...\" data-via=\"https:\/\/twitter.com\/VertienteGloba1\" data-url=\"http:\/\/vertienteglobal.com\/?p=197779\" data-lang=\"es\" data-related=\"Informaci\u00f3n general:S\u00edguenos para que est\u00e9ss informado\"><\/a><\/div>\n<figure class=\"wp-block-image size-large\"><img loading=\"lazy\" decoding=\"async\" width=\"660\" height=\"330\" src=\"http:\/\/vertienteglobal.com\/wp-content\/uploads\/2022\/02\/pfizer-660x330-1.jpg\" alt=\"\" class=\"wp-image-197780\" srcset=\"http:\/\/vertienteglobal.com\/wp-content\/uploads\/2022\/02\/pfizer-660x330-1.jpg 660w, http:\/\/vertienteglobal.com\/wp-content\/uploads\/2022\/02\/pfizer-660x330-1-300x150.jpg 300w, http:\/\/vertienteglobal.com\/wp-content\/uploads\/2022\/02\/pfizer-660x330-1-150x75.jpg 150w\" sizes=\"auto, (max-width: 660px) 100vw, 660px\" \/><\/figure>\n\n\n\n<p>(Redacci\u00f3n)<\/p>\n\n\n\n<p>La vacuna que prepara el consorcio de compa\u00f1\u00edas integrado por Pfizer y BioNtech podr\u00eda ser administrado a menores de entre 6 meses y 5 a\u00f1os<\/p>\n\n\n\n<p>Ciudad de M\u00e9xico a 01 de febrero de 2022.-La vacuna contra el coronavirus para menores de 5 a\u00f1os que prepara el consorcio de compa\u00f1\u00edas integrado por Pfizer y BioNtech podr\u00eda estar disponible a finales de febrero, seg\u00fan publica este martes The Washington Post.<\/p>\n\n\n\n<p>Seg\u00fan el diario, que cita fuentes conocedoras de la investigaci\u00f3n, se espera que ambas farmace\u00faticas presenten hoy mismo a la Administraci\u00f3n de Alimentos y Medicamentos de EEUU (FDA por sus siglas en ingl\u00e9s) una solicitud de autorizaci\u00f3n de uso de emergencia para esta nueva versi\u00f3n de la vacuna contra la covid-19.<\/p>\n\n\n\n<p>El f\u00e1rmaco podr\u00e1 ser administrado a menores de entre 6 meses y 5 a\u00f1os, lo que la convertir\u00eda en la primera que sale al mercado para ese grupo de edad.<\/p>\n\n\n\n<p>La FDA inst\u00f3 a las empresas a presentar la solicitud para que los reguladores pudieran comenzar a revisar los datos obtenidos por las compa\u00f1\u00edas tras administrar dos dosis de la vacuna, asegura el diario.<\/p>\n\n\n\n<p>En los \u00faltimos meses, el consorcio farmace\u00fatico ha estado probando adem\u00e1s una tercera dosis entre este colectivo, despu\u00e9s de que los resultados obtenidos en cuanto a inmunizaci\u00f3n al aplicar dos inyecciones no fueron del todo satisfactorios.<\/p>\n\n\n\n<p>A\u00fan as\u00ed, seg\u00fan el Post, la compa\u00f1\u00eda ha constatado que las dos dosis de la vacuna en menores es segura y analizan ahora los resultados con una inyecci\u00f3n de refuerzo, aunque no estar\u00e1n disponibles hasta, al menos, finales de marzo.<\/p>\n\n\n\n<p>Una vez que se env\u00ede esa informaci\u00f3n a la FDA, se espera que los reguladores autoricen tambi\u00e9n una tercera dosis de la vacuna pedi\u00e1trica.<\/p>\n\n\n\n<p>\u201cSabemos que dos dosis no son suficientes y lo entendemos\u201d, dijo una de las fuentes consultadas por el diario. \u201cLa idea es que sigamos adelante y comencemos la revisi\u00f3n (por parte de la FDA) con dos dosis\u201d, de forma que se inicie la vacunaci\u00f3n a los menores antes de conocer los que proporciona la tercera dosis, agreg\u00f3.<\/p>\n\n\n\n<p>Se espera que los asesores externos de la FDA se re\u00fanan sobre la solicitud de dos dosis a mediados de febrero. Tambi\u00e9n parece que los expertos externos, miembros del Comit\u00e9 Asesor sobre Pr\u00e1cticas de Inmunizaci\u00f3n, estudiar\u00e1n el asuntos este mes.<\/p>\n\n\n\n<p>En diciembre, Pfizer y BioNTech anunciaron que dos dosis de la vacuna en ni\u00f1os de 2, 3 y 4 a\u00f1os no desencadenaron una respuesta inmunitaria comparable a la que se gener\u00f3 en adolescentes y adultos.<\/p>\n\n\n\n<p>Pero el r\u00e9gimen de dos inyecciones cre\u00f3 una respuesta inmunitaria protectora en ni\u00f1os de 6 meses a 2 a\u00f1os. Fue entonces cuando los fabricantes de medicamentos agregaron una tercera inyecci\u00f3n al ensayo para tratar de mejorar la respuesta inmunol\u00f3gica.<\/p>\n\n\n\n<p>En el ensayo, los ni\u00f1os de entre 6 meses y 5 a\u00f1os recibieron dos dosis de inyecciones de 3 microgramos, una d\u00e9cima parte de la dosis administrada a los adultos, con tres semanas de diferencia.(Fuente:Noticieros Televisa)<\/p>\n","protected":false},"excerpt":{"rendered":"<p>(Redacci\u00f3n) La vacuna que prepara el consorcio de compa\u00f1\u00edas integrado por Pfizer y BioNtech podr\u00eda ser administrado a menores de entre 6 meses y 5 a\u00f1os Ciudad de M\u00e9xico a 01 de febrero de 2022.-La vacuna contra el coronavirus para menores de 5 a\u00f1os que prepara el consorcio de compa\u00f1\u00edas integrado por Pfizer y BioNtech [&hellip;]<\/p>\n","protected":false},"author":1,"featured_media":197780,"comment_status":"open","ping_status":"open","sticky":false,"template":"","format":"standard","meta":{"footnotes":""},"categories":[8],"tags":[],"class_list":["post-197779","post","type-post","status-publish","format-standard","has-post-thumbnail","hentry","category-pais","entry","has-media"],"jetpack_featured_media_url":"http:\/\/vertienteglobal.com\/wp-content\/uploads\/2022\/02\/pfizer-660x330-1.jpg","_links":{"self":[{"href":"http:\/\/vertienteglobal.com\/index.php?rest_route=\/wp\/v2\/posts\/197779","targetHints":{"allow":["GET"]}}],"collection":[{"href":"http:\/\/vertienteglobal.com\/index.php?rest_route=\/wp\/v2\/posts"}],"about":[{"href":"http:\/\/vertienteglobal.com\/index.php?rest_route=\/wp\/v2\/types\/post"}],"author":[{"embeddable":true,"href":"http:\/\/vertienteglobal.com\/index.php?rest_route=\/wp\/v2\/users\/1"}],"replies":[{"embeddable":true,"href":"http:\/\/vertienteglobal.com\/index.php?rest_route=%2Fwp%2Fv2%2Fcomments&post=197779"}],"version-history":[{"count":0,"href":"http:\/\/vertienteglobal.com\/index.php?rest_route=\/wp\/v2\/posts\/197779\/revisions"}],"wp:featuredmedia":[{"embeddable":true,"href":"http:\/\/vertienteglobal.com\/index.php?rest_route=\/wp\/v2\/media\/197780"}],"wp:attachment":[{"href":"http:\/\/vertienteglobal.com\/index.php?rest_route=%2Fwp%2Fv2%2Fmedia&parent=197779"}],"wp:term":[{"taxonomy":"category","embeddable":true,"href":"http:\/\/vertienteglobal.com\/index.php?rest_route=%2Fwp%2Fv2%2Fcategories&post=197779"},{"taxonomy":"post_tag","embeddable":true,"href":"http:\/\/vertienteglobal.com\/index.php?rest_route=%2Fwp%2Fv2%2Ftags&post=197779"}],"curies":[{"name":"wp","href":"https:\/\/api.w.org\/{rel}","templated":true}]}}