{"id":197702,"date":"2022-01-31T16:52:00","date_gmt":"2022-01-31T22:52:00","guid":{"rendered":"http:\/\/vertienteglobal.com\/?p=197702"},"modified":"2022-01-31T19:54:35","modified_gmt":"2022-02-01T01:54:35","slug":"inauguran-la-1ra-feria-del-empleo-en-uman","status":"publish","type":"post","link":"http:\/\/vertienteglobal.com\/?p=197702","title":{"rendered":"Inauguran la 1ra Feria del Empleo en Um\u00e1n"},"content":{"rendered":"\n<div class=\"twitterbutton\" style=\"float: right; padding-left: 5px;\"><a href=\"http:\/\/twitter.com\/share\" class=\"twitter-share-button\" data-count=\"horizontal\" data-text=\"Inauguran la 1ra Feria del Empleo en Um\u00e1n\" data-via=\"https:\/\/twitter.com\/VertienteGloba1\" data-url=\"http:\/\/vertienteglobal.com\/?p=197702\" data-lang=\"es\" data-related=\"Informaci\u00f3n general:S\u00edguenos para que est\u00e9ss informado\"><\/a><\/div>\n<figure class=\"wp-block-image size-large\"><img loading=\"lazy\" decoding=\"async\" width=\"660\" height=\"330\" src=\"http:\/\/vertienteglobal.com\/wp-content\/uploads\/2022\/01\/IMG-20220131-WA0035-660x330-1.jpg\" alt=\"\" class=\"wp-image-197703\" srcset=\"http:\/\/vertienteglobal.com\/wp-content\/uploads\/2022\/01\/IMG-20220131-WA0035-660x330-1.jpg 660w, http:\/\/vertienteglobal.com\/wp-content\/uploads\/2022\/01\/IMG-20220131-WA0035-660x330-1-300x150.jpg 300w, http:\/\/vertienteglobal.com\/wp-content\/uploads\/2022\/01\/IMG-20220131-WA0035-660x330-1-150x75.jpg 150w\" sizes=\"auto, (max-width: 660px) 100vw, 660px\" \/><\/figure>\n\n\n\n<p>(Redacci\u00f3n)<\/p>\n\n\n\n<p>Inauguran la 1ra Feria del Empleo en Um\u00e1n con la participaci\u00f3n de m\u00e1s de 50 empresas del corredor industrial ofertando m\u00e1s de 700 vacantes<\/p>\n\n\n\n<p>Um\u00e1n, Yucat\u00e1n a 31 de enero de 2022.- Este programa se implementa con la finalidad de ayudar a mejorar la calidad de vida de los ciudadanos y que puedan superarse profesionalmente.<\/p>\n\n\n\n<p>La Lic. Ingrid el Pilar Santos D\u00edaz, Presidenta de la Mesa Directiva del Congreso del Estado, reconoci\u00f3 la importancia de estas actividades, ya que contribuyen a la recuperaci\u00f3n econ\u00f3mica, asimismo se comprometi\u00f3 a continuar trabajando desde el Congreso del Estado para generar mayores oportunidades para los Yucatecos.<\/p>\n\n\n\n<p>Lic. Pablo Herrera Ojeda, encargado de la empresa Kek\u00e9n, agradeci\u00f3 a la actual administraci\u00f3n por generar espacios para que los diversos giros puedan tener un acercamiento directo con los ciudadanos.<\/p>\n\n\n\n<p>El Dr. Gaspar Ventura Cisneros Polanco, Presidente Municipal de Um\u00e1n agradeci\u00f3 a las empresas por la oportunidad de trabajar en equipo y ser pieza fundamental para seguir construyendo \u201cLa Capital de las Industrias\u201d.<\/p>\n\n\n\n<p>De igual forma reconoci\u00f3 a los inversionistas por sumarse al programa \u201cLunes de Chamba\u201d, que es un \u00e9xito gracias a su confianza y a la participaci\u00f3n de todos los umanenses.<\/p>\n\n\n\n<figure class=\"wp-block-image\"><img decoding=\"async\" src=\"https:\/\/www.yucatanalinstante.com\/wp-content\/uploads\/2022\/01\/IMG-20220131-WA0034-1024x782.jpg\" alt=\"\" class=\"wp-image-365209\"\/><\/figure>\n\n\n\n<p>En el evento tambi\u00e9n estuvieron el Lic. Leonardo Parra Canto, Director de Capacitaci\u00f3n para el Trabajo del Estado de Yucat\u00e1n, la Lic. Bella Margarita Poot Chab, Sindico Municipal, Q.F.B. Armando Quintal Rosado, Secretario Municipal, as\u00ed como los regidores Adonay Poot, Alma Patricia Pech, Dalia Euan, Herminio Mena, Genny Uc Castillo y el Directo de Econom\u00eda Y Orientaci\u00f3n al Emprendedor, Mtro. William Pat Estrella.<\/p>\n\n\n\n<figure class=\"wp-block-image\"><img decoding=\"async\" src=\"https:\/\/www.yucatanalinstante.com\/wp-content\/uploads\/2022\/01\/IMG-20220131-WA0033-1024x609.jpg\" alt=\"\" class=\"wp-image-365210\"\/><\/figure>\n\n\n\n<figure class=\"wp-block-image\"><img decoding=\"async\" src=\"https:\/\/www.yucatanalinstante.com\/wp-content\/uploads\/2022\/01\/IMG-20220131-WA0031-1024x782.jpg\" alt=\"\" class=\"wp-image-365211\"\/><\/figure>\n\n\n\n<p><\/p>\n","protected":false},"excerpt":{"rendered":"<p>(Redacci\u00f3n) Inauguran la 1ra Feria del Empleo en Um\u00e1n con la participaci\u00f3n de m\u00e1s de 50 empresas del corredor industrial ofertando m\u00e1s de 700 vacantes Um\u00e1n, Yucat\u00e1n a 31 de enero de 2022.- Este programa se implementa con la finalidad de ayudar a mejorar la calidad de vida de los ciudadanos y que puedan superarse [&hellip;]<\/p>\n","protected":false},"author":1,"featured_media":197703,"comment_status":"open","ping_status":"open","sticky":false,"template":"","format":"standard","meta":{"footnotes":""},"categories":[2],"tags":[],"class_list":["post-197702","post","type-post","status-publish","format-standard","has-post-thumbnail","hentry","category-yucatan","entry","has-media"],"jetpack_featured_media_url":"http:\/\/vertienteglobal.com\/wp-content\/uploads\/2022\/01\/IMG-20220131-WA0035-660x330-1.jpg","_links":{"self":[{"href":"http:\/\/vertienteglobal.com\/index.php?rest_route=\/wp\/v2\/posts\/197702","targetHints":{"allow":["GET"]}}],"collection":[{"href":"http:\/\/vertienteglobal.com\/index.php?rest_route=\/wp\/v2\/posts"}],"about":[{"href":"http:\/\/vertienteglobal.com\/index.php?rest_route=\/wp\/v2\/types\/post"}],"author":[{"embeddable":true,"href":"http:\/\/vertienteglobal.com\/index.php?rest_route=\/wp\/v2\/users\/1"}],"replies":[{"embeddable":true,"href":"http:\/\/vertienteglobal.com\/index.php?rest_route=%2Fwp%2Fv2%2Fcomments&post=197702"}],"version-history":[{"count":0,"href":"http:\/\/vertienteglobal.com\/index.php?rest_route=\/wp\/v2\/posts\/197702\/revisions"}],"wp:featuredmedia":[{"embeddable":true,"href":"http:\/\/vertienteglobal.com\/index.php?rest_route=\/wp\/v2\/media\/197703"}],"wp:attachment":[{"href":"http:\/\/vertienteglobal.com\/index.php?rest_route=%2Fwp%2Fv2%2Fmedia&parent=197702"}],"wp:term":[{"taxonomy":"category","embeddable":true,"href":"http:\/\/vertienteglobal.com\/index.php?rest_route=%2Fwp%2Fv2%2Fcategories&post=197702"},{"taxonomy":"post_tag","embeddable":true,"href":"http:\/\/vertienteglobal.com\/index.php?rest_route=%2Fwp%2Fv2%2Ftags&post=197702"}],"curies":[{"name":"wp","href":"https:\/\/api.w.org\/{rel}","templated":true}]}}