{"id":197599,"date":"2022-01-29T20:24:52","date_gmt":"2022-01-30T02:24:52","guid":{"rendered":"http:\/\/vertienteglobal.com\/?p=197599"},"modified":"2022-01-30T23:30:01","modified_gmt":"2022-01-31T05:30:01","slug":"arranca-cecilia-patron-reparto-de-arboles-y-plantas-a-familias","status":"publish","type":"post","link":"http:\/\/vertienteglobal.com\/?p=197599","title":{"rendered":"Arranca Cecilia Patr\u00f3n reparto de \u00e1rboles y plantas a familias"},"content":{"rendered":"\n<div class=\"twitterbutton\" style=\"float: right; padding-left: 5px;\"><a href=\"http:\/\/twitter.com\/share\" class=\"twitter-share-button\" data-count=\"horizontal\" data-text=\"Arranca Cecilia Patr\u00f3n reparto de \u00e1rboles y plantas a familias\" data-via=\"https:\/\/twitter.com\/VertienteGloba1\" data-url=\"http:\/\/vertienteglobal.com\/?p=197599\" data-lang=\"es\" data-related=\"Informaci\u00f3n general:S\u00edguenos para que est\u00e9ss informado\"><\/a><\/div>\n<figure class=\"wp-block-image size-large\"><img loading=\"lazy\" decoding=\"async\" width=\"660\" height=\"330\" src=\"http:\/\/vertienteglobal.com\/wp-content\/uploads\/2022\/01\/WhatsApp-Image-2022-01-29-at-7.09.20-PM-660x330-1.jpeg\" alt=\"\" class=\"wp-image-197600\" srcset=\"http:\/\/vertienteglobal.com\/wp-content\/uploads\/2022\/01\/WhatsApp-Image-2022-01-29-at-7.09.20-PM-660x330-1.jpeg 660w, http:\/\/vertienteglobal.com\/wp-content\/uploads\/2022\/01\/WhatsApp-Image-2022-01-29-at-7.09.20-PM-660x330-1-300x150.jpeg 300w, http:\/\/vertienteglobal.com\/wp-content\/uploads\/2022\/01\/WhatsApp-Image-2022-01-29-at-7.09.20-PM-660x330-1-150x75.jpeg 150w\" sizes=\"auto, (max-width: 660px) 100vw, 660px\" \/><\/figure>\n\n\n\n<p>(Redacci\u00f3n)<\/p>\n\n\n\n<p><em>Escuchaba sus inquietudes y sugerencias para mejorar la ciudad de M\u00e9rida<\/em><\/p>\n\n\n\n<p>Las primeras especies que \u201cvolaron\u201d fueron las matas de lim\u00f3n<\/p>\n\n\n\n<p>M\u00e9rida, Yucat\u00e1n, 29 de enero de 2022.- Con la entrega casa por casa de plantas ornamentales o arom\u00e1ticas, as\u00ed como de \u00e1rboles de diversas especies, la diputada federal Cecilia Patr\u00f3n arranc\u00f3 este s\u00e1bado un programa para que las familias meridanas abran espacio a la vegetaci\u00f3n en sus hogares.<\/p>\n\n\n\n<p>Desde temprano, este s\u00e1bado, la legisladora se subi\u00f3 a su triciclo azul colmado de maceteros y plantitas y se dio a la tarea de tocar puertas de vecinos de la colonia L\u00e1zaro C\u00e1rdenas, en el oriente de la ciudad, en el marco de un nuevo programa de su casa de enlace legislativo denominado \u00c1rbol M\u00f3vil.<\/p>\n\n\n\n<p>De manera gratuita, Cecilia ofrec\u00eda a las familias un \u00e1rbol o una planta para la casa y de paso escuchaba sus inquietudes y sugerencias para mejorar la ciudad de M\u00e9rida.<\/p>\n\n\n\n<p>Un caso especial fue el de una familia de la calle 6 entre 21 y 23 quienes al llegar la diputada a la puerta de su hogar y entregarles una planta, \u00e9stos le reportaron una fuga de agua de la calle, por lo que Cecilia hizo el reporte correspondiente a la Japay y, en menos de 15 minutos ya estaban los trabajadores y veh\u00edculos para realizar el trabajo. La propia legisladora se sorprendi\u00f3 por la eficiencia en la atenci\u00f3n, por parte de la dependencia.<\/p>\n\n\n\n<p>Otro detalle que llam\u00f3 la atenci\u00f3n fue que en el ofrecimiento de la tambi\u00e9n secretaria general del PAN las primeras especies que \u201cvolaron\u201d fueron las matas de lim\u00f3n y varias familias adelante no chistaban en preguntar si quedaban ante los precios que ha alcanzado el fruto en estos d\u00edas.<\/p>\n\n\n\n<p>En total se repartieron unas 200 plantas entre especies como zapote, naranja agria, mandarina, mango, maculis, flor de mayo, sauce, ruda, grosella, entre otras.<\/p>\n\n\n\n<p>Cecilia se\u00f1al\u00f3 que el objetivo de este programa es hacer que M\u00e9rida tenga m\u00e1s sombra, ox\u00edgeno, adem\u00e1s abundante vegetaci\u00f3n, la cultura de preservar el medio ambiente y una mejor ciudad.<\/p>\n\n\n\n<figure class=\"wp-block-image\"><img decoding=\"async\" src=\"https:\/\/www.yucatanalinstante.com\/wp-content\/uploads\/2022\/01\/WhatsApp-Image-2022-01-29-at-7.09.20-PM-1-1024x682.jpeg\" alt=\"\" class=\"wp-image-365056\"\/><\/figure>\n\n\n\n<p><\/p>\n","protected":false},"excerpt":{"rendered":"<p>(Redacci\u00f3n) Escuchaba sus inquietudes y sugerencias para mejorar la ciudad de M\u00e9rida Las primeras especies que \u201cvolaron\u201d fueron las matas de lim\u00f3n M\u00e9rida, Yucat\u00e1n, 29 de enero de 2022.- Con la entrega casa por casa de plantas ornamentales o arom\u00e1ticas, as\u00ed como de \u00e1rboles de diversas especies, la diputada federal Cecilia Patr\u00f3n arranc\u00f3 este s\u00e1bado [&hellip;]<\/p>\n","protected":false},"author":1,"featured_media":197600,"comment_status":"open","ping_status":"open","sticky":false,"template":"","format":"standard","meta":{"footnotes":""},"categories":[2],"tags":[],"class_list":["post-197599","post","type-post","status-publish","format-standard","has-post-thumbnail","hentry","category-yucatan","entry","has-media"],"jetpack_featured_media_url":"http:\/\/vertienteglobal.com\/wp-content\/uploads\/2022\/01\/WhatsApp-Image-2022-01-29-at-7.09.20-PM-660x330-1.jpeg","_links":{"self":[{"href":"http:\/\/vertienteglobal.com\/index.php?rest_route=\/wp\/v2\/posts\/197599","targetHints":{"allow":["GET"]}}],"collection":[{"href":"http:\/\/vertienteglobal.com\/index.php?rest_route=\/wp\/v2\/posts"}],"about":[{"href":"http:\/\/vertienteglobal.com\/index.php?rest_route=\/wp\/v2\/types\/post"}],"author":[{"embeddable":true,"href":"http:\/\/vertienteglobal.com\/index.php?rest_route=\/wp\/v2\/users\/1"}],"replies":[{"embeddable":true,"href":"http:\/\/vertienteglobal.com\/index.php?rest_route=%2Fwp%2Fv2%2Fcomments&post=197599"}],"version-history":[{"count":0,"href":"http:\/\/vertienteglobal.com\/index.php?rest_route=\/wp\/v2\/posts\/197599\/revisions"}],"wp:featuredmedia":[{"embeddable":true,"href":"http:\/\/vertienteglobal.com\/index.php?rest_route=\/wp\/v2\/media\/197600"}],"wp:attachment":[{"href":"http:\/\/vertienteglobal.com\/index.php?rest_route=%2Fwp%2Fv2%2Fmedia&parent=197599"}],"wp:term":[{"taxonomy":"category","embeddable":true,"href":"http:\/\/vertienteglobal.com\/index.php?rest_route=%2Fwp%2Fv2%2Fcategories&post=197599"},{"taxonomy":"post_tag","embeddable":true,"href":"http:\/\/vertienteglobal.com\/index.php?rest_route=%2Fwp%2Fv2%2Ftags&post=197599"}],"curies":[{"name":"wp","href":"https:\/\/api.w.org\/{rel}","templated":true}]}}