{"id":197399,"date":"2022-01-26T21:51:00","date_gmt":"2022-01-27T03:51:00","guid":{"rendered":"http:\/\/vertienteglobal.com\/?p=197399"},"modified":"2022-01-26T21:27:50","modified_gmt":"2022-01-27T03:27:50","slug":"moderna-inicia-ensayos-de-su-vacuna-de-refuerzo-para-omicron","status":"publish","type":"post","link":"http:\/\/vertienteglobal.com\/?p=197399","title":{"rendered":"Moderna inicia ensayos de su vacuna de refuerzo para \u00d3micron"},"content":{"rendered":"\n<div class=\"twitterbutton\" style=\"float: right; padding-left: 5px;\"><a href=\"http:\/\/twitter.com\/share\" class=\"twitter-share-button\" data-count=\"horizontal\" data-text=\"Moderna inicia ensayos de su vacuna de refuerzo para \u00d3micron\" data-via=\"https:\/\/twitter.com\/VertienteGloba1\" data-url=\"http:\/\/vertienteglobal.com\/?p=197399\" data-lang=\"es\" data-related=\"Informaci\u00f3n general:S\u00edguenos para que est\u00e9ss informado\"><\/a><\/div>\n<figure class=\"wp-block-image size-large\"><img loading=\"lazy\" decoding=\"async\" width=\"660\" height=\"330\" src=\"http:\/\/vertienteglobal.com\/wp-content\/uploads\/2022\/01\/2705235-1-660x330-1.jpg\" alt=\"\" class=\"wp-image-197400\" srcset=\"http:\/\/vertienteglobal.com\/wp-content\/uploads\/2022\/01\/2705235-1-660x330-1.jpg 660w, http:\/\/vertienteglobal.com\/wp-content\/uploads\/2022\/01\/2705235-1-660x330-1-300x150.jpg 300w, http:\/\/vertienteglobal.com\/wp-content\/uploads\/2022\/01\/2705235-1-660x330-1-150x75.jpg 150w\" sizes=\"auto, (max-width: 660px) 100vw, 660px\" \/><\/figure>\n\n\n\n<p>(Redacci\u00f3n)<\/p>\n\n\n\n<p><em><strong>El laboratorio Moderna anunci\u00f3 que ya inici\u00f3 con los ensayos de su vacuna \u00d3micron<\/strong><\/em><\/p>\n\n\n\n<p>Ciudad de M\u00e9xico a 26 de enero de 2022.-La empresa Moderna anunci\u00f3 el mi\u00e9rcoles que inici\u00f3 los ensayos cl\u00ednicos de una dosis de refuerzo de la vacuna dise\u00f1ada espec\u00edficamente contra la variante \u00d3micron.<\/p>\n\n\n\n<p>En los ensayos participar\u00e1n 600 adultos. La mitad de ellos ya recibieron dos dosis de la vacuna de Moderna hace al menos seis meses y la otra mitad recibi\u00f3 esas dos dosis iniciales, m\u00e1s el refuerzo que ya est\u00e1 autorizado. Por lo tanto, el refuerzo espec\u00edfico contra \u00d3micron se evaluar\u00e1 como una tercera y una cuarta dosis. (Fuente: Excelsior)<\/p>\n","protected":false},"excerpt":{"rendered":"<p>(Redacci\u00f3n) El laboratorio Moderna anunci\u00f3 que ya inici\u00f3 con los ensayos de su vacuna \u00d3micron Ciudad de M\u00e9xico a 26 de enero de 2022.-La empresa Moderna anunci\u00f3 el mi\u00e9rcoles que inici\u00f3 los ensayos cl\u00ednicos de una dosis de refuerzo de la vacuna dise\u00f1ada espec\u00edficamente contra la variante \u00d3micron. En los ensayos participar\u00e1n 600 adultos. La [&hellip;]<\/p>\n","protected":false},"author":1,"featured_media":197400,"comment_status":"open","ping_status":"open","sticky":false,"template":"","format":"standard","meta":{"footnotes":""},"categories":[8],"tags":[],"class_list":["post-197399","post","type-post","status-publish","format-standard","has-post-thumbnail","hentry","category-pais","entry","has-media"],"jetpack_featured_media_url":"http:\/\/vertienteglobal.com\/wp-content\/uploads\/2022\/01\/2705235-1-660x330-1.jpg","_links":{"self":[{"href":"http:\/\/vertienteglobal.com\/index.php?rest_route=\/wp\/v2\/posts\/197399","targetHints":{"allow":["GET"]}}],"collection":[{"href":"http:\/\/vertienteglobal.com\/index.php?rest_route=\/wp\/v2\/posts"}],"about":[{"href":"http:\/\/vertienteglobal.com\/index.php?rest_route=\/wp\/v2\/types\/post"}],"author":[{"embeddable":true,"href":"http:\/\/vertienteglobal.com\/index.php?rest_route=\/wp\/v2\/users\/1"}],"replies":[{"embeddable":true,"href":"http:\/\/vertienteglobal.com\/index.php?rest_route=%2Fwp%2Fv2%2Fcomments&post=197399"}],"version-history":[{"count":0,"href":"http:\/\/vertienteglobal.com\/index.php?rest_route=\/wp\/v2\/posts\/197399\/revisions"}],"wp:featuredmedia":[{"embeddable":true,"href":"http:\/\/vertienteglobal.com\/index.php?rest_route=\/wp\/v2\/media\/197400"}],"wp:attachment":[{"href":"http:\/\/vertienteglobal.com\/index.php?rest_route=%2Fwp%2Fv2%2Fmedia&parent=197399"}],"wp:term":[{"taxonomy":"category","embeddable":true,"href":"http:\/\/vertienteglobal.com\/index.php?rest_route=%2Fwp%2Fv2%2Fcategories&post=197399"},{"taxonomy":"post_tag","embeddable":true,"href":"http:\/\/vertienteglobal.com\/index.php?rest_route=%2Fwp%2Fv2%2Ftags&post=197399"}],"curies":[{"name":"wp","href":"https:\/\/api.w.org\/{rel}","templated":true}]}}