{"id":197132,"date":"2022-01-20T23:09:38","date_gmt":"2022-01-21T05:09:38","guid":{"rendered":"http:\/\/vertienteglobal.com\/?p=197132"},"modified":"2022-01-22T08:11:19","modified_gmt":"2022-01-22T14:11:19","slug":"laura-fernandez-va-por-la-gubernatura-por-la-alianza-pan-prd-confianza-por-quintana-roo","status":"publish","type":"post","link":"http:\/\/vertienteglobal.com\/?p=197132","title":{"rendered":"Laura Fern\u00e1ndez, va por la gubernatura por la Alianza PAN-PRD-Confianza por Quintana Roo"},"content":{"rendered":"\n<div class=\"twitterbutton\" style=\"float: right; padding-left: 5px;\"><a href=\"http:\/\/twitter.com\/share\" class=\"twitter-share-button\" data-count=\"horizontal\" data-text=\"Laura Fern\u00e1ndez, va por la gubernatura por la Alianza PAN-PRD-Confianza por Qui...\" data-via=\"https:\/\/twitter.com\/VertienteGloba1\" data-url=\"http:\/\/vertienteglobal.com\/?p=197132\" data-lang=\"es\" data-related=\"Informaci\u00f3n general:S\u00edguenos para que est\u00e9ss informado\"><\/a><\/div>\n<figure class=\"wp-block-image size-large\"><img loading=\"lazy\" decoding=\"async\" width=\"1024\" height=\"491\" src=\"http:\/\/vertienteglobal.com\/wp-content\/uploads\/2022\/01\/20220122_090853.jpg\" alt=\"\" class=\"wp-image-197133\" srcset=\"http:\/\/vertienteglobal.com\/wp-content\/uploads\/2022\/01\/20220122_090853.jpg 1024w, http:\/\/vertienteglobal.com\/wp-content\/uploads\/2022\/01\/20220122_090853-300x144.jpg 300w, http:\/\/vertienteglobal.com\/wp-content\/uploads\/2022\/01\/20220122_090853-150x72.jpg 150w, http:\/\/vertienteglobal.com\/wp-content\/uploads\/2022\/01\/20220122_090853-768x368.jpg 768w\" sizes=\"auto, (max-width: 1024px) 100vw, 1024px\" \/><\/figure>\n\n\n\n<p>(Redacci\u00f3n)<\/p>\n\n\n\n<p>Venci\u00f3 en la encuesta realizada por \u201cVa por Quintana Roo\u201d a Roberto Palazuelos y a Mayuli Mart\u00ednez<\/p>\n\n\n\n<p>Canc\u00fan, Quintana Roo, a 21 de wnerobde 2022.-Lo que parec\u00eda ser un secreto a voces para muchos quintanarroenses, fue confirmado la noche de ayer en la sede nacional del Partido de la Revoluci\u00f3n Democr\u00e1tica (PRD), luego de que se presentaran los resultados de la encuesta interna que realizaron para medir a sus aspirantes a la gubernatura de Quintana Roo, en la cual sali\u00f3 airosa Laura Fern\u00e1ndez Pi\u00f1a, quien ser\u00e1 la encargada de abanderar a la coalici\u00f3n \u201cVa por Quintana Roo\u201d en la lucha por las riendas de la entidad.<\/p>\n\n\n\n<p>De acuerdo con la encuesta realizada por Parametr\u00eda, Fern\u00e1ndez Pi\u00f1a logr\u00f3 obtener la mayo intenci\u00f3n del voto por parte de los quintanarroenses, superando a Roberto Palazuelos y a Mayuli Mart\u00ednez, quienes luchaba por quedarse con la candidatura de la coalici\u00f3n integrada por el Partido Acci\u00f3n Nacional (PAN), PRD y Confianza por Quintana Roo (CQR).<\/p>\n\n\n\n<p>Cabe se\u00f1alar que Laura Fern\u00e1ndez fue la \u00faltima aspirante en subirse a la contienda por la candidatura de \u201cVa por Quintana Roo\u201d, ya que tanto el actor y empresario Roberto Palazuelos como la senadora Mayuli Mart\u00ednez estuvieron un largo tiempo expresando sus deseos por abanderar a dicha alianza; sin embargo, la diputada federal los dej\u00f3 con las ganas, pues ser\u00e1 ella la encargada de encabezar a la oposici\u00f3n en los comicios de este a\u00f1o.<\/p>\n\n\n\n<p>En este sentido, vale resaltar que tras darse a conocer el triunfo de Laura, la senadora se\u00f1al\u00f3 que unir\u00e1 fuerzas con la ahora candidata en busca del bienestar del estado, mientras que el \u201cDiamante Negro\u201d se retir\u00f3 de la sesi\u00f3n del Consejo Nacional del PRD alrededor de las 9 de la noche argumentando que ten\u00eda otra cita, y est\u00e1 por saberse qu\u00e9 paso dar\u00e1 tras caer en la medici\u00f3n realizada<\/p>\n\n\n\n<p>Por otra parte, el dirigente nacional del PAN, Marko Cortes dijo que la coalici\u00f3n tiene muchas posibilidades de llevarse el triunfo en los comicios de Quintana Roo, pues considera que el rompimiento que hubo en Morena tras dar a conocer a su candidata podr\u00eda beneficiarlos a ellos.<\/p>\n\n\n\n<p>Trascendi\u00f3 que Mayuli Mart\u00ednez ser\u00e1 la coordinadora de campa\u00f1a de la ahora candidata Laura Fern\u00e1ndez, con quien dijo, unir\u00e1 fuerzas para evitar que Morena y sus aliados lleguen a tomar las riendas de la entidad.<\/p>\n\n\n\n<p>Mensaje de Mayuli<\/p>\n\n\n\n<p>En los primeros minutos de este viernes, la senadora Mayuli Mart\u00ednez difundi\u00f3 un mensaje dirigido a los presidentes de los partidos (PRD, PAN y CXQ), al su equipo y a los ciudadanos que han cre\u00eddo en ella.<\/p>\n\n\n\n<p>\u201cLes comparto que estoy satisfecha porque las encuestas demuestran que soy una candidata competitiva, tanto en conocimiento, como intenci\u00f3n de voto y potencial de crecimiento\u201d, expres\u00f3.<\/p>\n\n\n\n<p>\u201cReconozco que el mecanismo de consulta que se acord\u00f3 entre los partidos muestra que, a pesar de lo avanzado, Laura Fern\u00e1ndez tiene un mejor posicionamiento hoy, para competir por la gubernatura\u201d.<\/p>\n\n\n\n<p>Adem\u00e1s afirma que en todo proceso democr\u00e1tico es fundamental tener la madurez para reconocer resultados.<\/p>\n\n\n\n<p>Agrego: \u00abMi compromiso para liderar el destino de Quintana Roo, es invariable y pasa hoy por reconocer que Laura Fern\u00e1ndez con base a lo mostrado en la mesa, tiene condiciones que aportan elementos nuevos a la coalici\u00f3n, para competir en la contienda de este a\u00f1o. As\u00ed como hacer de esta alianza la opci\u00f3n que abandere los intereses de los quintanarroenses\u201d.<\/p>\n\n\n\n<p>Y afirma que \u201cmientras otros promueven la polarizaci\u00f3n, yo estoy convencida de sumar a favor de la unidad\u201d.<\/p>\n\n\n\n<p>\u201cSeguir\u00e9 trabajando incansablemente por las causas que m\u00e1s le importan a nuestra gente, convencida de que Morena no es invencible. Esta historia, apenas comienza\u201d, puntualiza.<\/p>\n\n\n\n<p>Por su parte, el PAN nacional y Jes\u00fas Zambrano del PRD mencionaron en sus redes sociales el mismo mensaje: \u201cfestejamos la suma de dos de nuestras mejores posicionadas aspirantes a la gubernatura del estado de Quintana Roo, que con base en diversas valoraciones decidieron que quien se registre al proceso interno sea Laura Fern\u00e1ndez\u201d.<\/p>\n","protected":false},"excerpt":{"rendered":"<p>(Redacci\u00f3n) Venci\u00f3 en la encuesta realizada por \u201cVa por Quintana Roo\u201d a Roberto Palazuelos y a Mayuli Mart\u00ednez Canc\u00fan, Quintana Roo, a 21 de wnerobde 2022.-Lo que parec\u00eda ser un secreto a voces para muchos quintanarroenses, fue confirmado la noche de ayer en la sede nacional del Partido de la Revoluci\u00f3n Democr\u00e1tica (PRD), luego de [&hellip;]<\/p>\n","protected":false},"author":1,"featured_media":197133,"comment_status":"open","ping_status":"open","sticky":false,"template":"","format":"standard","meta":{"footnotes":""},"categories":[3],"tags":[],"class_list":["post-197132","post","type-post","status-publish","format-standard","has-post-thumbnail","hentry","category-quintana-roo","entry","has-media"],"jetpack_featured_media_url":"http:\/\/vertienteglobal.com\/wp-content\/uploads\/2022\/01\/20220122_090853.jpg","_links":{"self":[{"href":"http:\/\/vertienteglobal.com\/index.php?rest_route=\/wp\/v2\/posts\/197132","targetHints":{"allow":["GET"]}}],"collection":[{"href":"http:\/\/vertienteglobal.com\/index.php?rest_route=\/wp\/v2\/posts"}],"about":[{"href":"http:\/\/vertienteglobal.com\/index.php?rest_route=\/wp\/v2\/types\/post"}],"author":[{"embeddable":true,"href":"http:\/\/vertienteglobal.com\/index.php?rest_route=\/wp\/v2\/users\/1"}],"replies":[{"embeddable":true,"href":"http:\/\/vertienteglobal.com\/index.php?rest_route=%2Fwp%2Fv2%2Fcomments&post=197132"}],"version-history":[{"count":0,"href":"http:\/\/vertienteglobal.com\/index.php?rest_route=\/wp\/v2\/posts\/197132\/revisions"}],"wp:featuredmedia":[{"embeddable":true,"href":"http:\/\/vertienteglobal.com\/index.php?rest_route=\/wp\/v2\/media\/197133"}],"wp:attachment":[{"href":"http:\/\/vertienteglobal.com\/index.php?rest_route=%2Fwp%2Fv2%2Fmedia&parent=197132"}],"wp:term":[{"taxonomy":"category","embeddable":true,"href":"http:\/\/vertienteglobal.com\/index.php?rest_route=%2Fwp%2Fv2%2Fcategories&post=197132"},{"taxonomy":"post_tag","embeddable":true,"href":"http:\/\/vertienteglobal.com\/index.php?rest_route=%2Fwp%2Fv2%2Ftags&post=197132"}],"curies":[{"name":"wp","href":"https:\/\/api.w.org\/{rel}","templated":true}]}}