{"id":197105,"date":"2022-01-19T21:24:00","date_gmt":"2022-01-20T03:24:00","guid":{"rendered":"http:\/\/vertienteglobal.com\/?p=197105"},"modified":"2022-01-19T21:29:15","modified_gmt":"2022-01-20T03:29:15","slug":"preven-norte-de-tres-dias-a-partir-de-este-jueves-por-frente-frio-y-masa-polar-en-veracruz","status":"publish","type":"post","link":"http:\/\/vertienteglobal.com\/?p=197105","title":{"rendered":"Prev\u00e9n norte de tres d\u00edas a partir de este jueves, por frente fr\u00edo y masa polar en Veracruz"},"content":{"rendered":"\n<div class=\"twitterbutton\" style=\"float: right; padding-left: 5px;\"><a href=\"http:\/\/twitter.com\/share\" class=\"twitter-share-button\" data-count=\"horizontal\" data-text=\"Prev\u00e9n norte de tres d\u00edas a partir de este jueves, por frente fr\u00edo y masa pol...\" data-via=\"https:\/\/twitter.com\/VertienteGloba1\" data-url=\"http:\/\/vertienteglobal.com\/?p=197105\" data-lang=\"es\" data-related=\"Informaci\u00f3n general:S\u00edguenos para que est\u00e9ss informado\"><\/a><\/div>\n<figure class=\"wp-block-image size-large\"><img loading=\"lazy\" decoding=\"async\" width=\"1024\" height=\"768\" src=\"http:\/\/vertienteglobal.com\/wp-content\/uploads\/2022\/01\/20220119_222409.jpg\" alt=\"\" class=\"wp-image-197106\" srcset=\"http:\/\/vertienteglobal.com\/wp-content\/uploads\/2022\/01\/20220119_222409.jpg 1024w, http:\/\/vertienteglobal.com\/wp-content\/uploads\/2022\/01\/20220119_222409-300x225.jpg 300w, http:\/\/vertienteglobal.com\/wp-content\/uploads\/2022\/01\/20220119_222409-150x113.jpg 150w, http:\/\/vertienteglobal.com\/wp-content\/uploads\/2022\/01\/20220119_222409-768x576.jpg 768w\" sizes=\"auto, (max-width: 1024px) 100vw, 1024px\" \/><\/figure>\n\n\n\n<p>(Redacci\u00f3n)<\/p>\n\n\n\n<p>Los primeros efectos del frente fr\u00edo no. 23 comenzar\u00e1n a percibirse a partir de la madrugada del jueves, mientras que los vientos se intensificar\u00e1n a partir de la ma\u00f1ana del mismo d\u00eda hasta el viernes<\/p>\n\n\n\n<p>Xalapa, Veracruz a 19 de enero de 2022.-Los efectos del pr\u00f3ximo frente fr\u00edo se extender\u00e1n por al menos cuatro d\u00edas, de acuerdo con el pron\u00f3stico del Centro de Estudios Meteorol\u00f3gicos del Estado, el cual prev\u00e9 que dicho fen\u00f3meno ingrese a partir de la noche de este jueves 20 de enero<\/p>\n\n\n\n<p>Y es que seg\u00fan la dependencia, los primeros efectos del frente fr\u00edo 23 comenzar\u00e1n a percibirse a partir de la madrugada del jueves, mientras que los vientos se intensificar\u00e1n a partir de la ma\u00f1ana del mismo d\u00eda hasta el viernes.<\/p>\n\n\n\n<p>Esto provocar\u00e1 viento del norte, el cual no se prev\u00e9 sea de car\u00e1cter explosivo como los pasados frentes fr\u00edos, aunque las rachas s\u00ed alcanzar\u00e1n al menos 80 km\/h en las costas y la zona conurbada Veracruz-Boca del R\u00edo.<\/p>\n\n\n\n<p>Los niveles del mar en las playas y zona portuaria aumentar\u00e1n debido al viento entre 1 y 2 metros por arriba de su nivel normal, por lo que las autoridades de Protecci\u00f3n Civil piden precauci\u00f3n a turistas y locales que busquen ingresar al mar.<\/p>\n\n\n\n<p>Los resultados de los modelos de pron\u00f3sticos nos indican que las condiciones para lluvias moderadas a fuertes con posibles tormentas aumentaran entre la tarde del jueves a transcurso del viernes.<\/p>\n\n\n\n<p>Se espera que la temperatura se mantenga en el rango de fresco a c\u00e1lido durante la ma\u00f1ana hasta el mediod\u00eda del jueves, pero a partir de la tarde las temperaturas disminuir\u00e1n al rango de fr\u00edo en gran parte del estado, y heladas en las zonas altas durante la noche.<\/p>\n\n\n\n<p>Los potenciales de lluvias ser\u00edan m\u00e1s fuertes para partes altas de Tuxpan, Cazones, Tecolutla y Nautla-Misantla, y los efectos podr\u00edan tener una posible re intensificaci\u00f3n para el fin de semana del 21 al 23 de enero.<\/p>\n\n\n\n<p>Casi sin dar tregua al fr\u00edo, el martes 25 se espera de nuevo otro frente fr\u00edo con potenciales de lluvias, norte y bajas temperaturas. En esta ocasi\u00f3n las crecidas de cuerpos de agua ser\u00eda en R\u00edo Blanco, Papaloapan, Coatzacoalcos y Tonal\u00e1. (Fuente:SPCVeracriz)<\/p>\n","protected":false},"excerpt":{"rendered":"<p>(Redacci\u00f3n) Los primeros efectos del frente fr\u00edo no. 23 comenzar\u00e1n a percibirse a partir de la madrugada del jueves, mientras que los vientos se intensificar\u00e1n a partir de la ma\u00f1ana del mismo d\u00eda hasta el viernes Xalapa, Veracruz a 19 de enero de 2022.-Los efectos del pr\u00f3ximo frente fr\u00edo se extender\u00e1n por al menos cuatro [&hellip;]<\/p>\n","protected":false},"author":1,"featured_media":197106,"comment_status":"open","ping_status":"open","sticky":false,"template":"","format":"standard","meta":{"footnotes":""},"categories":[7],"tags":[],"class_list":["post-197105","post","type-post","status-publish","format-standard","has-post-thumbnail","hentry","category-veracruz","entry","has-media"],"jetpack_featured_media_url":"http:\/\/vertienteglobal.com\/wp-content\/uploads\/2022\/01\/20220119_222409.jpg","_links":{"self":[{"href":"http:\/\/vertienteglobal.com\/index.php?rest_route=\/wp\/v2\/posts\/197105","targetHints":{"allow":["GET"]}}],"collection":[{"href":"http:\/\/vertienteglobal.com\/index.php?rest_route=\/wp\/v2\/posts"}],"about":[{"href":"http:\/\/vertienteglobal.com\/index.php?rest_route=\/wp\/v2\/types\/post"}],"author":[{"embeddable":true,"href":"http:\/\/vertienteglobal.com\/index.php?rest_route=\/wp\/v2\/users\/1"}],"replies":[{"embeddable":true,"href":"http:\/\/vertienteglobal.com\/index.php?rest_route=%2Fwp%2Fv2%2Fcomments&post=197105"}],"version-history":[{"count":0,"href":"http:\/\/vertienteglobal.com\/index.php?rest_route=\/wp\/v2\/posts\/197105\/revisions"}],"wp:featuredmedia":[{"embeddable":true,"href":"http:\/\/vertienteglobal.com\/index.php?rest_route=\/wp\/v2\/media\/197106"}],"wp:attachment":[{"href":"http:\/\/vertienteglobal.com\/index.php?rest_route=%2Fwp%2Fv2%2Fmedia&parent=197105"}],"wp:term":[{"taxonomy":"category","embeddable":true,"href":"http:\/\/vertienteglobal.com\/index.php?rest_route=%2Fwp%2Fv2%2Fcategories&post=197105"},{"taxonomy":"post_tag","embeddable":true,"href":"http:\/\/vertienteglobal.com\/index.php?rest_route=%2Fwp%2Fv2%2Ftags&post=197105"}],"curies":[{"name":"wp","href":"https:\/\/api.w.org\/{rel}","templated":true}]}}