{"id":197070,"date":"2022-01-19T16:19:00","date_gmt":"2022-01-19T22:19:00","guid":{"rendered":"http:\/\/vertienteglobal.com\/?p=197070"},"modified":"2022-01-19T20:01:19","modified_gmt":"2022-01-20T02:01:19","slug":"sre-entrega-primeras-actas-de-nacimiento-por-identidad-de-genero-en-consulados","status":"publish","type":"post","link":"http:\/\/vertienteglobal.com\/?p=197070","title":{"rendered":"SRE entrega primeras actas de nacimiento por identidad de g\u00e9nero en consulados"},"content":{"rendered":"\n<div class=\"twitterbutton\" style=\"float: right; padding-left: 5px;\"><a href=\"http:\/\/twitter.com\/share\" class=\"twitter-share-button\" data-count=\"horizontal\" data-text=\"SRE entrega primeras actas de nacimiento por identidad de g\u00e9nero en consulados\" data-via=\"https:\/\/twitter.com\/VertienteGloba1\" data-url=\"http:\/\/vertienteglobal.com\/?p=197070\" data-lang=\"es\" data-related=\"Informaci\u00f3n general:S\u00edguenos para que est\u00e9ss informado\"><\/a><\/div>\n<figure class=\"wp-block-image size-large\"><img loading=\"lazy\" decoding=\"async\" width=\"1024\" height=\"683\" src=\"http:\/\/vertienteglobal.com\/wp-content\/uploads\/2022\/01\/166834.jpg\" alt=\"\" class=\"wp-image-197071\" srcset=\"http:\/\/vertienteglobal.com\/wp-content\/uploads\/2022\/01\/166834.jpg 1024w, http:\/\/vertienteglobal.com\/wp-content\/uploads\/2022\/01\/166834-300x200.jpg 300w, http:\/\/vertienteglobal.com\/wp-content\/uploads\/2022\/01\/166834-150x100.jpg 150w, http:\/\/vertienteglobal.com\/wp-content\/uploads\/2022\/01\/166834-768x512.jpg 768w\" sizes=\"auto, (max-width: 1024px) 100vw, 1024px\" \/><\/figure>\n\n\n\n<p>(Redacci\u00f3n)<\/p>\n\n\n\n<p>El canciller Marcelo Ebrard sostuvo que con esa medida, M\u00e9xico les ayuda a salir de la semiclandestinidad<\/p>\n\n\n\n<p>Ciudad de M\u00e9xico a 19 de enero de 2022.-El gobierno de M\u00e9xico, a trav\u00e9s de la Secretar\u00eda de Relaciones Exteriores (SRE) entr\u00f3 este mi\u00e9rcoles las primeras actas de nacimiento por reconocimiento de identidad de g\u00e9nero a personas mexicanas en el extranjero.<\/p>\n\n\n\n<p>Al respecto, el canciller Marcelo Ebrard sostuvo que con esa medida, M\u00e9xico les ayuda a salir de la semiclandestinidad.<\/p>\n\n\n\n<p>&#8216;Estaba yo pasando una revista muy r\u00e1pida, mental, una impronta de cu\u00e1l es la direcci\u00f3n que tiene lo que ustedes representan m\u00e1s all\u00e1 de su causa porque lo viven, estamos hablando de personas a quienes hoy el Estado mexicano en los Estados Unidos les est\u00e1 liberando de una semiclandestinidad, de una marginaci\u00f3n permanente y de todo tipo de violencias&#8217;, dijo Ebrard desde la sede central de la canciller\u00eda.<\/p>\n\n\n\n<p>El funcionario mexicano insisti\u00f3 que la medida significa reconocer la libertad de las personas y su dignidad, y que por eso tiene un efecto expansivo positivo, adem\u00e1s de que, en su opini\u00f3n, en las sociedades contempor\u00e1neas los discursos de odio son la forma en que se est\u00e1 organizando una reacci\u00f3n permanente en contra de ideas y cambios en la sociedad que son imparables, son imbatibles.<\/p>\n\n\n\n<p>Finalmente, adelant\u00f3 que el siguiente paso en la construcci\u00f3n de pol\u00edticas m\u00e1s inclusivas al interior de Relaciones Exteriores es la creaci\u00f3n de un pasaporte no binario.(Fuente:Milenio)<\/p>\n","protected":false},"excerpt":{"rendered":"<p>(Redacci\u00f3n) El canciller Marcelo Ebrard sostuvo que con esa medida, M\u00e9xico les ayuda a salir de la semiclandestinidad Ciudad de M\u00e9xico a 19 de enero de 2022.-El gobierno de M\u00e9xico, a trav\u00e9s de la Secretar\u00eda de Relaciones Exteriores (SRE) entr\u00f3 este mi\u00e9rcoles las primeras actas de nacimiento por reconocimiento de identidad de g\u00e9nero a personas [&hellip;]<\/p>\n","protected":false},"author":1,"featured_media":197071,"comment_status":"open","ping_status":"open","sticky":false,"template":"","format":"standard","meta":{"footnotes":""},"categories":[8],"tags":[],"class_list":["post-197070","post","type-post","status-publish","format-standard","has-post-thumbnail","hentry","category-pais","entry","has-media"],"jetpack_featured_media_url":"http:\/\/vertienteglobal.com\/wp-content\/uploads\/2022\/01\/166834.jpg","_links":{"self":[{"href":"http:\/\/vertienteglobal.com\/index.php?rest_route=\/wp\/v2\/posts\/197070","targetHints":{"allow":["GET"]}}],"collection":[{"href":"http:\/\/vertienteglobal.com\/index.php?rest_route=\/wp\/v2\/posts"}],"about":[{"href":"http:\/\/vertienteglobal.com\/index.php?rest_route=\/wp\/v2\/types\/post"}],"author":[{"embeddable":true,"href":"http:\/\/vertienteglobal.com\/index.php?rest_route=\/wp\/v2\/users\/1"}],"replies":[{"embeddable":true,"href":"http:\/\/vertienteglobal.com\/index.php?rest_route=%2Fwp%2Fv2%2Fcomments&post=197070"}],"version-history":[{"count":0,"href":"http:\/\/vertienteglobal.com\/index.php?rest_route=\/wp\/v2\/posts\/197070\/revisions"}],"wp:featuredmedia":[{"embeddable":true,"href":"http:\/\/vertienteglobal.com\/index.php?rest_route=\/wp\/v2\/media\/197071"}],"wp:attachment":[{"href":"http:\/\/vertienteglobal.com\/index.php?rest_route=%2Fwp%2Fv2%2Fmedia&parent=197070"}],"wp:term":[{"taxonomy":"category","embeddable":true,"href":"http:\/\/vertienteglobal.com\/index.php?rest_route=%2Fwp%2Fv2%2Fcategories&post=197070"},{"taxonomy":"post_tag","embeddable":true,"href":"http:\/\/vertienteglobal.com\/index.php?rest_route=%2Fwp%2Fv2%2Ftags&post=197070"}],"curies":[{"name":"wp","href":"https:\/\/api.w.org\/{rel}","templated":true}]}}