{"id":197019,"date":"2022-01-18T09:51:05","date_gmt":"2022-01-18T15:51:05","guid":{"rendered":"http:\/\/vertienteglobal.com\/?p=197019"},"modified":"2022-01-19T18:53:02","modified_gmt":"2022-01-20T00:53:02","slug":"tengo-buena-opinion-de-pavlovich-y-salmeron-por-eso-van-al-exterior-amlo","status":"publish","type":"post","link":"http:\/\/vertienteglobal.com\/?p=197019","title":{"rendered":"Tengo buena opini\u00f3n de Pavlovich y Salmeron, por eso van al exterior: AMLO"},"content":{"rendered":"\n<div class=\"twitterbutton\" style=\"float: right; padding-left: 5px;\"><a href=\"http:\/\/twitter.com\/share\" class=\"twitter-share-button\" data-count=\"horizontal\" data-text=\"Tengo buena opini\u00f3n de Pavlovich y Salmeron, por eso van al exterior: AMLO\" data-via=\"https:\/\/twitter.com\/VertienteGloba1\" data-url=\"http:\/\/vertienteglobal.com\/?p=197019\" data-lang=\"es\" data-related=\"Informaci\u00f3n general:S\u00edguenos para que est\u00e9ss informado\"><\/a><\/div>\n<figure class=\"wp-block-image size-large\"><img loading=\"lazy\" decoding=\"async\" width=\"692\" height=\"360\" src=\"http:\/\/vertienteglobal.com\/wp-content\/uploads\/2022\/01\/amlo-3-692x360-1.jpg\" alt=\"\" class=\"wp-image-197020\" srcset=\"http:\/\/vertienteglobal.com\/wp-content\/uploads\/2022\/01\/amlo-3-692x360-1.jpg 692w, http:\/\/vertienteglobal.com\/wp-content\/uploads\/2022\/01\/amlo-3-692x360-1-300x156.jpg 300w, http:\/\/vertienteglobal.com\/wp-content\/uploads\/2022\/01\/amlo-3-692x360-1-150x78.jpg 150w\" sizes=\"auto, (max-width: 692px) 100vw, 692px\" \/><\/figure>\n\n\n\n<p>(Redacci\u00f3n)<\/p>\n\n\n\n<p>El Presidente L\u00f3pez Obrador dijo que su gobierno es plural por lo que embajadores y c\u00f3nsules representan al pa\u00eds no a su administraci\u00f3n<\/p>\n\n\n\n<p>Ciudad de M\u00e9xico a 18 de enero de 2022.-Pese a las cr\u00edticas que derivaron tras el nombramiento de la exgobernadora priista de Sonora, Claudia Pavlovich, as\u00ed como del c\u00f3nsul de M\u00e9xico en Barcelona, Pedro Salmer\u00f3n, como embajador en Panam\u00e1, el presidente Andr\u00e9s Manuel L\u00f3pez Obrador sostuvo que tiene buena opini\u00f3n de su trabajo.<\/p>\n\n\n\n<p>Explic\u00f3 que hasta el momento no hay ninguna denuncia ni queja contra los propuestos por lo que son elegibles para representar al pa\u00eds en el exterior.<\/p>\n\n\n\n<p>\u201cNosotros tenemos buena opini\u00f3n de todos los propuestos por eso hicimos este planteamiento, todos para nosotros son mujeres y hombres que merecen respeto.<\/p>\n\n\n\n<p>\u201cNo hay denuncias en contra de ellos, ojal\u00e1 y se presentaran. Me consta que en los procesos electorales actuaron con imparcialidad y me toc\u00f3 ir a sus estados cuando se desempe\u00f1aban como gobernadores y no ten\u00edan rechazo de sus pueblos\u201d, afirm\u00f3 el mandatario federal.<\/p>\n\n\n\n<p>Cuestionado sobre su inter\u00e9s particular de promover en el servicio exterior mexicano a priistas, el jefe del Ejecutivo federal afirm\u00f3 que M\u00e9xico es un pa\u00eds plural y que los embajadores y c\u00f3nsules representan al pa\u00eds y no a un gobierno o ideolog\u00eda.<\/p>\n\n\n\n<p>\u201cVivimos en una democracia y aspiramos a que esto sea constante y permanente que podamos vivir en pluralidad que se garantice el derecho a disentir y hay opiniones en contra y las respetamos.<\/p>\n\n\n\n<p>\u201cNosotros gobernamos en un pa\u00eds plural y, repito, M\u00e9xico es una democracia es un pa\u00eds democr\u00e1tico y todos tenemos derecho a participar. El gobierno no debe ser faccioso, el gobierno no puede representar, como era antes, a un partido, el gobierno es de todos\u201d, asever\u00f3.<\/p>\n\n\n\n<p>Ayer, tras las designaciones hechas por L\u00f3pez Obrador de los priistas Claudia Pavlovich y Carlos Miguel Aysa, el presidente del tricolor, Alejandro Moreno C\u00e1rdenas, amag\u00f3 con expulsar a los exgobernadores si aceptan dichos cargos.<\/p>\n\n\n\n<p>Los nombramientos del presidente de la Rep\u00fablica en embajadas y consulados deber\u00e1n ser ratificados por el Senado de la Rep\u00fablica.(Fuente: Forbes)<\/p>\n","protected":false},"excerpt":{"rendered":"<p>(Redacci\u00f3n) El Presidente L\u00f3pez Obrador dijo que su gobierno es plural por lo que embajadores y c\u00f3nsules representan al pa\u00eds no a su administraci\u00f3n Ciudad de M\u00e9xico a 18 de enero de 2022.-Pese a las cr\u00edticas que derivaron tras el nombramiento de la exgobernadora priista de Sonora, Claudia Pavlovich, as\u00ed como del c\u00f3nsul de M\u00e9xico [&hellip;]<\/p>\n","protected":false},"author":1,"featured_media":197020,"comment_status":"open","ping_status":"open","sticky":false,"template":"","format":"standard","meta":{"footnotes":""},"categories":[8],"tags":[],"class_list":["post-197019","post","type-post","status-publish","format-standard","has-post-thumbnail","hentry","category-pais","entry","has-media"],"jetpack_featured_media_url":"http:\/\/vertienteglobal.com\/wp-content\/uploads\/2022\/01\/amlo-3-692x360-1.jpg","_links":{"self":[{"href":"http:\/\/vertienteglobal.com\/index.php?rest_route=\/wp\/v2\/posts\/197019","targetHints":{"allow":["GET"]}}],"collection":[{"href":"http:\/\/vertienteglobal.com\/index.php?rest_route=\/wp\/v2\/posts"}],"about":[{"href":"http:\/\/vertienteglobal.com\/index.php?rest_route=\/wp\/v2\/types\/post"}],"author":[{"embeddable":true,"href":"http:\/\/vertienteglobal.com\/index.php?rest_route=\/wp\/v2\/users\/1"}],"replies":[{"embeddable":true,"href":"http:\/\/vertienteglobal.com\/index.php?rest_route=%2Fwp%2Fv2%2Fcomments&post=197019"}],"version-history":[{"count":0,"href":"http:\/\/vertienteglobal.com\/index.php?rest_route=\/wp\/v2\/posts\/197019\/revisions"}],"wp:featuredmedia":[{"embeddable":true,"href":"http:\/\/vertienteglobal.com\/index.php?rest_route=\/wp\/v2\/media\/197020"}],"wp:attachment":[{"href":"http:\/\/vertienteglobal.com\/index.php?rest_route=%2Fwp%2Fv2%2Fmedia&parent=197019"}],"wp:term":[{"taxonomy":"category","embeddable":true,"href":"http:\/\/vertienteglobal.com\/index.php?rest_route=%2Fwp%2Fv2%2Fcategories&post=197019"},{"taxonomy":"post_tag","embeddable":true,"href":"http:\/\/vertienteglobal.com\/index.php?rest_route=%2Fwp%2Fv2%2Ftags&post=197019"}],"curies":[{"name":"wp","href":"https:\/\/api.w.org\/{rel}","templated":true}]}}