{"id":196988,"date":"2022-01-18T15:40:18","date_gmt":"2022-01-18T21:40:18","guid":{"rendered":"http:\/\/vertienteglobal.com\/?p=196988"},"modified":"2022-01-19T17:42:17","modified_gmt":"2022-01-19T23:42:17","slug":"maurilio-es-el-pensionado-mas-longevo-del-seguro-social","status":"publish","type":"post","link":"http:\/\/vertienteglobal.com\/?p=196988","title":{"rendered":"Maurilio es el pensionado m\u00e1s longevo del Seguro Social"},"content":{"rendered":"\n<div class=\"twitterbutton\" style=\"float: right; padding-left: 5px;\"><a href=\"http:\/\/twitter.com\/share\" class=\"twitter-share-button\" data-count=\"horizontal\" data-text=\"Maurilio es el pensionado m\u00e1s longevo del Seguro Social\" data-via=\"https:\/\/twitter.com\/VertienteGloba1\" data-url=\"http:\/\/vertienteglobal.com\/?p=196988\" data-lang=\"es\" data-related=\"Informaci\u00f3n general:S\u00edguenos para que est\u00e9ss informado\"><\/a><\/div>\n<figure class=\"wp-block-image size-large\"><img loading=\"lazy\" decoding=\"async\" width=\"660\" height=\"330\" src=\"http:\/\/vertienteglobal.com\/wp-content\/uploads\/2022\/01\/image2-1_copy_770x552-660x330-1.jpeg\" alt=\"\" class=\"wp-image-196989\" srcset=\"http:\/\/vertienteglobal.com\/wp-content\/uploads\/2022\/01\/image2-1_copy_770x552-660x330-1.jpeg 660w, http:\/\/vertienteglobal.com\/wp-content\/uploads\/2022\/01\/image2-1_copy_770x552-660x330-1-300x150.jpeg 300w, http:\/\/vertienteglobal.com\/wp-content\/uploads\/2022\/01\/image2-1_copy_770x552-660x330-1-150x75.jpeg 150w\" sizes=\"auto, (max-width: 660px) 100vw, 660px\" \/><\/figure>\n\n\n\n<p>(Redacci\u00f3n)<\/p>\n\n\n\n<p><strong>Labor\u00f3 en el IMSS a partir de 1965 como jardinero, a\u00f1os m\u00e1s tarde en limpieza de \u00e1reas de pista y control de plagas en el Centro Vacacional IMSS-Oaxtepec.El 19 de enero el Instituto cumple 79 a\u00f1os al servicio de sus derechohabientes<\/strong><\/p>\n\n\n\n<p><strong>A la fecha se encuentran vigentes m\u00e1s de 305 mil jubilados y pensionados<\/strong><\/p>\n\n\n\n<p>Ciudad de M\u00e9xico a 18 de enero de 2022.-El se\u00f1or Maurilio Rodr\u00edguez Ocampo es el ex trabajador m\u00e1s longevo en la historia del Instituto Mexicano del Seguro Social (IMSS) a la edad 110 a\u00f1os, de los cuales m\u00e1s de 20 de ellos de trabajo en la instituci\u00f3n a la que hoy recuerda con agradecimiento y nostalgia, y de la que recibe una pensi\u00f3n por edad avanzada.<\/p>\n\n\n\n<p>En 1965 comenz\u00f3 su trayectoria institucional como jardinero en el Centro Vacacional IMSS-Oaxtepec, a tan solo un a\u00f1o de su apertura; m\u00e1s tarde labor\u00f3 en el \u00e1rea de limpieza en el Estadio Ol\u00edmpico y contin\u00fao en control de plagas para eliminar cr\u00edas de zancudo y animales ponzo\u00f1osos en todas las instalaciones.<\/p>\n\n\n\n<p>Don Maurilio naci\u00f3 en 1911, es originario de la localidad de San Pedro Chichila, en Taxco, Guerrero; desde ni\u00f1o vivi\u00f3 en Yautepec, Morelos, municipio al que sus pap\u00e1s se trasladaron porque eran trabajadores del campo y tambi\u00e9n vend\u00edan carb\u00f3n.<\/p>\n\n\n\n<p>Cuenta que su ni\u00f1ez fue dif\u00edcil pues transcurri\u00f3 mientras se desarrollaba la Revoluci\u00f3n Mexicana; tampoco pudo tener una preparaci\u00f3n educativa, por lo que sus primeros trabajos fueron la siembra del algod\u00f3n, frijol, ma\u00edz y papa. \u201cAqu\u00ed encontr\u00e9 a mi esposa, me cas\u00e9 y aqu\u00ed nacieron todos mis hijos\u201d, recuerda.<\/p>\n\n\n\n<p>A\u00f1os m\u00e1s tarde, tuvo la oportunidad de ingresar al IMSS mediante un convenio que establecieron el municipio, un banco y el Seguro Social, primero como trabajador eventual y posteriormente fue contratado para ejercer labores de jardiner\u00eda; en este tiempo recibi\u00f3 cursos y capacitaci\u00f3n por parte del Instituto, incluso para brindar primeros auxilios.<\/p>\n\n\n\n<p>Tambi\u00e9n lleg\u00f3 a brindar apoyo a otras instalaciones del Seguro Social en La Malinche (Tlaxcala), Apizaco y Zihuatanejo, algunas ocasiones trabaj\u00f3 m\u00e1s all\u00e1 de su horario y en fines de semana, pero siempre con mucho entusiasmo y agradecido con la instituci\u00f3n que le abri\u00f3 las puertas para tener un trabajo estable.<\/p>\n\n\n\n<p>\u201cYa nos daban nuestros centavitos, era un sueldo seguro, ya no era un trabajo de ma\u00f1ana no hay, ten\u00eda sus prestaciones y para curarse con el m\u00e9dico\u201d, record\u00f3.<\/p>\n\n\n\n<p>Despu\u00e9s de muchos a\u00f1os, don Maurilio regres\u00f3 a las instalaciones del Centro Vacacional IMSS-Oaxtepec donde labor\u00f3 por m\u00e1s de dos d\u00e9cadas y lo hizo acompa\u00f1ado de su hija, la se\u00f1ora Mar\u00eda Magdalena Rodr\u00edguez, de 72 a\u00f1os, tambi\u00e9n ex trabajadora y jubilada del Seguro Social.<\/p>\n\n\n\n<p>Se\u00f1al\u00f3 que otro de sus hijos labor\u00f3 en el Instituto y tambi\u00e9n dos de sus nietos, en el hospital del IMSS en Cuautla, en el \u00e1rea de Conservaci\u00f3n. \u201cSiento muy bonito porque tienen un trabajo seguro. A m\u00ed me dio mucha experiencia en todo lo que me ense\u00f1\u00f3 y aprend\u00ed del Seguro Social\u201d, enfatiz\u00f3.<\/p>\n\n\n\n<p>A las nuevas generaciones de trabajadoras y trabajadores les recomienda cuidarse entre todos, tener confianza, ejercer principios de honradez y nunca hacer menos a una compa\u00f1era o compa\u00f1ero, \u201ces como la herencia que se deja a un hijo\u201d.<\/p>\n\n\n\n<p>El 19 de enero el Instituto cumple 79 a\u00f1os al servicio de sus derechohabientes y a lo largo de este periodo, su personal en las diversas categor\u00edas de salud y administrativa ha sido pieza fundamental para brindar salud y seguridad social a millones de mexicanos.<\/p>\n\n\n\n<p>En la actualidad, son 13 las y los jubilados y pensionados con m\u00e1s de 100 a\u00f1os de edad que actualmente reciben una jubilaci\u00f3n por a\u00f1os de servicio o pensi\u00f3n por edad avanzada. A la fecha se encuentran vigentes m\u00e1s de 305 mil jubilados y pensionados.<\/p>\n\n\n\n<p>Como asegurados tienen derecho a las prestaciones del Seguro Social y como trabajadores del Instituto acceden al R\u00e9gimen de Jubilaciones y Pensiones (RJP), que es un plan jubilatorio complementario al de la Ley, y que establece cuant\u00edas de pensiones superiores a las que les corresponder\u00edan a los trabajadores asegurados del IMSS.<\/p>\n","protected":false},"excerpt":{"rendered":"<p>(Redacci\u00f3n) Labor\u00f3 en el IMSS a partir de 1965 como jardinero, a\u00f1os m\u00e1s tarde en limpieza de \u00e1reas de pista y control de plagas en el Centro Vacacional IMSS-Oaxtepec.El 19 de enero el Instituto cumple 79 a\u00f1os al servicio de sus derechohabientes A la fecha se encuentran vigentes m\u00e1s de 305 mil jubilados y pensionados [&hellip;]<\/p>\n","protected":false},"author":1,"featured_media":196989,"comment_status":"open","ping_status":"open","sticky":false,"template":"","format":"standard","meta":{"footnotes":""},"categories":[8],"tags":[],"class_list":["post-196988","post","type-post","status-publish","format-standard","has-post-thumbnail","hentry","category-pais","entry","has-media"],"jetpack_featured_media_url":"http:\/\/vertienteglobal.com\/wp-content\/uploads\/2022\/01\/image2-1_copy_770x552-660x330-1.jpeg","_links":{"self":[{"href":"http:\/\/vertienteglobal.com\/index.php?rest_route=\/wp\/v2\/posts\/196988","targetHints":{"allow":["GET"]}}],"collection":[{"href":"http:\/\/vertienteglobal.com\/index.php?rest_route=\/wp\/v2\/posts"}],"about":[{"href":"http:\/\/vertienteglobal.com\/index.php?rest_route=\/wp\/v2\/types\/post"}],"author":[{"embeddable":true,"href":"http:\/\/vertienteglobal.com\/index.php?rest_route=\/wp\/v2\/users\/1"}],"replies":[{"embeddable":true,"href":"http:\/\/vertienteglobal.com\/index.php?rest_route=%2Fwp%2Fv2%2Fcomments&post=196988"}],"version-history":[{"count":0,"href":"http:\/\/vertienteglobal.com\/index.php?rest_route=\/wp\/v2\/posts\/196988\/revisions"}],"wp:featuredmedia":[{"embeddable":true,"href":"http:\/\/vertienteglobal.com\/index.php?rest_route=\/wp\/v2\/media\/196989"}],"wp:attachment":[{"href":"http:\/\/vertienteglobal.com\/index.php?rest_route=%2Fwp%2Fv2%2Fmedia&parent=196988"}],"wp:term":[{"taxonomy":"category","embeddable":true,"href":"http:\/\/vertienteglobal.com\/index.php?rest_route=%2Fwp%2Fv2%2Fcategories&post=196988"},{"taxonomy":"post_tag","embeddable":true,"href":"http:\/\/vertienteglobal.com\/index.php?rest_route=%2Fwp%2Fv2%2Ftags&post=196988"}],"curies":[{"name":"wp","href":"https:\/\/api.w.org\/{rel}","templated":true}]}}