{"id":196954,"date":"2022-01-17T12:24:08","date_gmt":"2022-01-17T18:24:08","guid":{"rendered":"http:\/\/vertienteglobal.com\/?p=196954"},"modified":"2022-01-19T13:04:48","modified_gmt":"2022-01-19T19:04:48","slug":"declaracion-ieqroo-procedentes-coaliciones-para-el-pel-2021-2022","status":"publish","type":"post","link":"http:\/\/vertienteglobal.com\/?p=196954","title":{"rendered":"Declaraci\u00f3n IEQROO procedentes coaliciones para el PEL 2021-2022"},"content":{"rendered":"\n<div class=\"twitterbutton\" style=\"float: right; padding-left: 5px;\"><a href=\"http:\/\/twitter.com\/share\" class=\"twitter-share-button\" data-count=\"horizontal\" data-text=\"Declaraci\u00f3n IEQROO procedentes coaliciones para el PEL 2021-2022\" data-via=\"https:\/\/twitter.com\/VertienteGloba1\" data-url=\"http:\/\/vertienteglobal.com\/?p=196954\" data-lang=\"es\" data-related=\"Informaci\u00f3n general:S\u00edguenos para que est\u00e9ss informado\"><\/a><\/div>\n<figure class=\"wp-block-image size-large\"><img loading=\"lazy\" decoding=\"async\" width=\"692\" height=\"360\" src=\"http:\/\/vertienteglobal.com\/wp-content\/uploads\/2022\/01\/WhatsApp-Image-2022-01-17-at-3.35.04-PM-692x360-1.jpeg\" alt=\"\" class=\"wp-image-196955\" srcset=\"http:\/\/vertienteglobal.com\/wp-content\/uploads\/2022\/01\/WhatsApp-Image-2022-01-17-at-3.35.04-PM-692x360-1.jpeg 692w, http:\/\/vertienteglobal.com\/wp-content\/uploads\/2022\/01\/WhatsApp-Image-2022-01-17-at-3.35.04-PM-692x360-1-300x156.jpeg 300w, http:\/\/vertienteglobal.com\/wp-content\/uploads\/2022\/01\/WhatsApp-Image-2022-01-17-at-3.35.04-PM-692x360-1-150x78.jpeg 150w\" sizes=\"auto, (max-width: 692px) 100vw, 692px\" \/><\/figure>\n\n\n\n<p>(Redacci\u00f3n)<\/p>\n\n\n\n<p>Se instruy\u00f3 a la Direcci\u00f3n de Partidos Pol\u00edticos del Instituto, a que inscriba en el Libro respectivo, el convenio de coalici\u00f3n presentado por los partidos pol\u00edticos del PT, PVEM, Morena, y FXMQROO, luego de cumplir en tiempo y forma los requisitos legales para el registro de la coalici\u00f3n parcial arriba mencionada<\/p>\n\n\n\n<p>Chetumal, Quintana Roo a 17 de enero de 2022.-Integrantes del Consejo General del Instituto Electoral de Quintana Roo (IEQROO), en sesi\u00f3n extraordinaria con car\u00e1cter de urgente, declararon procedente la solicitud de registro del convenio de coalici\u00f3n, presentado por los partidos pol\u00edticos del Trabajo, Verde Ecologista de M\u00e9xico, MORENA y Fuerza por M\u00e9xico Quintana Roo, denominada \u201cJuntos Hacemos Historia en Quintana Roo\u201d, para contender en la elecci\u00f3n a la Gubernatura del Estado de Quintana Roo, en el Proceso Electoral Local 2021-2022.<\/p>\n\n\n\n<p>En ese sentido, se instruy\u00f3 a la Direcci\u00f3n de Partidos Pol\u00edticos del Instituto, a que inscriba en el Libro respectivo, el convenio de coalici\u00f3n presentado por los partidos pol\u00edticos del PT, PVEM, Morena, y FXMQROO, luego de cumplir en tiempo y forma los requisitos legales para el registro de la coalici\u00f3n parcial arriba mencionada.<\/p>\n\n\n\n<p>Se dio a conocer que, cada partido pol\u00edtico coaligado conservar\u00e1 su propia representaci\u00f3n ante el Consejo General, ante los \u00f3rganos desconcentrados de este Instituto y ante las mesas directivas de casilla; as\u00ed como dicha coalici\u00f3n deber\u00e1 observar lo establecido en los Criterios de paridad y los Criterios de registro.<\/p>\n\n\n\n<p>Asimismo, trat\u00e1ndose de coalici\u00f3n parcial o flexible, el compromiso de cada partido pol\u00edtico de acceder a su respectiva prerrogativa en radio y televisi\u00f3n, ejerciendo sus derechos por separado; los partidos integrantes de la coalici\u00f3n \u201cJuntos Hacemos Historia en Quintana Roo\u201d, contraen el compromiso de aceptar la prerrogativa de acceso a tiempo en radio y televisi\u00f3n que legalmente corresponda otorgar a la coalici\u00f3n electoral, bajo los par\u00e1metros siguientes:<\/p>\n\n\n\n<p>En el caso de la elecci\u00f3n a la gubernatura: Morena aportar\u00e1 el 60% de su prerrogativa; PT aportar\u00e1 el 60% de su prerrogativa; PVEM aportar\u00e1 el 10% de su prerrogativa y Partido Fuerza por M\u00e9xico Quintana Roo aportar\u00e1 el 60% de su prerrogativa, entre otros acuerdos como coalici\u00f3n.<\/p>\n\n\n\n<p>En otro punto del orden del d\u00eda, este \u00f3rgano colegiado declar\u00f3 procedente la solicitud de registro del convenio de coalici\u00f3n parcial, bajo la denominaci\u00f3n \u201cJuntos Hacemos Historia en Quintana Roo\u201d, para contender en la elecci\u00f3n de integrantes de la Legislatura del Estado de Quintana Roo por el principio de mayor\u00eda relativa, en el Proceso Electoral Local 2021-2022, presentada por los partidos pol\u00edticos nacionales del Trabajo, Verde Ecologista de M\u00e9xico, MORENA y el partido pol\u00edtico local Fuerza por M\u00e9xico, Quintana Roo.<\/p>\n\n\n\n<p>Lo anterior, luego dejar sin efectos la solicitud de convenio de candidatura com\u00fan, presentada el pasado seis de enero de 2022 por los partidos pol\u00edticos nacionales del Trabajo, Verde Ecologista de M\u00e9xico, MORENA y el partido pol\u00edtico local Movimiento Aut\u00e9ntico Social, \u00e9ste \u00faltimo, el pasado 14 de enero, present\u00f3 ante este Instituto, oficio por medio del cual se desisti\u00f3 de participar en la candidatura com\u00fan y quedar fuera de dicha coalici\u00f3n parcial.<\/p>\n\n\n\n<p>En ese sentido, las partes aceptan el compromiso de postular y registrar, a trav\u00e9s de la coalici\u00f3n, en tiempo y forma, a candidatas y candidatos para los siguientes cargos de elecci\u00f3n popular, para la postulaci\u00f3n de Diputadas y Diputados que integrar\u00e1n el congreso local del estado de Quintana Roo, conforme a la siguiente distribuci\u00f3n:<\/p>\n\n\n\n<p>El Distrito 1 con cabecera distrital en Kantunilk\u00edn ser\u00e1 para Fuerza por M\u00e9xico Quintana Roo; el Distrito 3 con cabecera distrital en Canc\u00fan ser\u00e1 para el PT; Distrito 4 con cabecera distrital en Canc\u00fan ser\u00e1 para el PVEM; los Distritos 5, 6 y 7 con cabecera distrital en Canc\u00fan ser\u00e1n para MORENA; Distrito 8 con cabecera distrital en Canc\u00fan ser\u00e1 para el PT; Distrito 9 con cabecera distrital en Tulum ser\u00e1 para MORENA; Distritos 10 y 11 con cabecera distrital en Playa del Carmen y Cozumel, respectivamente, ser\u00e1n para el PVEM; Distrito 12 con cabecera distrital en Felipe Carrillo Puerto ser\u00e1 para MORENA; Distrito 13 con cabecera distrital en Bacalar ser\u00e1 para el PT y los Distritos 14 y 15 con cabecera distrital en Chetumal ser\u00e1n para MORENA.<\/p>\n\n\n\n<p>En el \u00faltimo punto del orden del d\u00eda, integrantes del Consejo General, determinaron procedente la solicitud de registro del convenio de coalici\u00f3n para la elecci\u00f3n de la gubernatura y el convenio de coalici\u00f3n total para la elecci\u00f3n de diputaciones locales por el principio de mayor\u00eda relativa, presentado por los partidos pol\u00edticos nacionales Acci\u00f3n Nacional, de la Revoluci\u00f3n Democr\u00e1tica y el partido pol\u00edtico local Confianza por Quintana Roo, denominado \u201cVa por Quintana Roo\u201d, para contender en el Proceso Electoral Local 2021-2022.<\/p>\n\n\n\n<p>Se dio a conocer que, los partidos pol\u00edticos PAN, PRD y CQ, cumplieron en tiempo y forma los requisitos legales para el registro de la coalici\u00f3n para la elecci\u00f3n de la gubernatura y de la coalici\u00f3n total para la elecci\u00f3n de diputaciones locales por el principio de mayor\u00eda relativa.<\/p>\n\n\n\n<p>Las partes convienen constituirse en una coalici\u00f3n electoral para la Gubernatura y coalici\u00f3n electoral total participando con 15 quince f\u00f3rmulas de candidaturas a diputaciones locales de mayor\u00eda relativa, en el proceso electoral local ordinario 2021-2022.<\/p>\n\n\n\n<p>En ese sentido, la coalici\u00f3n electoral para la Gubernatura la encabezar\u00e1 el PRD; mientras que el Distrito 1 y 2 con cabecera distrital en Kantunilk\u00edn y Canc\u00fan, respectivamente, la encabezar\u00e1 el PAN; Distrito 3 con cabecera distrital en Canc\u00fan, la encabezar\u00e1 el PRD; Distrito 4 con cabecera distrital en Canc\u00fan, la encabezar\u00e1 Confianza por Quintana Roo; Distrito 5 con cabecera distrital en Canc\u00fan, la encabezar\u00e1 el PAN; Distrito 6 y 7 con cabecera distrital en Canc\u00fan, la encabezar\u00e1 el PRD; los Distritos 8, 9, 10 y 11 los encabezar\u00e1 el PAN; Distritos 12 y 13, los encabezar\u00e1 el PRD; Distrito 14, lo encabezar\u00e1 el PAN y el Distrito 15, lo encabezar\u00e1 el PRD<\/p>\n","protected":false},"excerpt":{"rendered":"<p>(Redacci\u00f3n) Se instruy\u00f3 a la Direcci\u00f3n de Partidos Pol\u00edticos del Instituto, a que inscriba en el Libro respectivo, el convenio de coalici\u00f3n presentado por los partidos pol\u00edticos del PT, PVEM, Morena, y FXMQROO, luego de cumplir en tiempo y forma los requisitos legales para el registro de la coalici\u00f3n parcial arriba mencionada Chetumal, Quintana Roo [&hellip;]<\/p>\n","protected":false},"author":1,"featured_media":196955,"comment_status":"open","ping_status":"open","sticky":false,"template":"","format":"standard","meta":{"footnotes":""},"categories":[3],"tags":[],"class_list":["post-196954","post","type-post","status-publish","format-standard","has-post-thumbnail","hentry","category-quintana-roo","entry","has-media"],"jetpack_featured_media_url":"http:\/\/vertienteglobal.com\/wp-content\/uploads\/2022\/01\/WhatsApp-Image-2022-01-17-at-3.35.04-PM-692x360-1.jpeg","_links":{"self":[{"href":"http:\/\/vertienteglobal.com\/index.php?rest_route=\/wp\/v2\/posts\/196954","targetHints":{"allow":["GET"]}}],"collection":[{"href":"http:\/\/vertienteglobal.com\/index.php?rest_route=\/wp\/v2\/posts"}],"about":[{"href":"http:\/\/vertienteglobal.com\/index.php?rest_route=\/wp\/v2\/types\/post"}],"author":[{"embeddable":true,"href":"http:\/\/vertienteglobal.com\/index.php?rest_route=\/wp\/v2\/users\/1"}],"replies":[{"embeddable":true,"href":"http:\/\/vertienteglobal.com\/index.php?rest_route=%2Fwp%2Fv2%2Fcomments&post=196954"}],"version-history":[{"count":0,"href":"http:\/\/vertienteglobal.com\/index.php?rest_route=\/wp\/v2\/posts\/196954\/revisions"}],"wp:featuredmedia":[{"embeddable":true,"href":"http:\/\/vertienteglobal.com\/index.php?rest_route=\/wp\/v2\/media\/196955"}],"wp:attachment":[{"href":"http:\/\/vertienteglobal.com\/index.php?rest_route=%2Fwp%2Fv2%2Fmedia&parent=196954"}],"wp:term":[{"taxonomy":"category","embeddable":true,"href":"http:\/\/vertienteglobal.com\/index.php?rest_route=%2Fwp%2Fv2%2Fcategories&post=196954"},{"taxonomy":"post_tag","embeddable":true,"href":"http:\/\/vertienteglobal.com\/index.php?rest_route=%2Fwp%2Fv2%2Ftags&post=196954"}],"curies":[{"name":"wp","href":"https:\/\/api.w.org\/{rel}","templated":true}]}}