{"id":196644,"date":"2022-01-13T13:51:00","date_gmt":"2022-01-13T19:51:00","guid":{"rendered":"http:\/\/vertienteglobal.com\/?p=196644"},"modified":"2022-01-13T15:35:13","modified_gmt":"2022-01-13T21:35:13","slug":"cofre-de-perote-veracruz-registra-visita-de-2-mil-500-turistas-en-primeras-nevadas","status":"publish","type":"post","link":"http:\/\/vertienteglobal.com\/?p=196644","title":{"rendered":"Cofre de Perote, Veracruz registra visita de 2 mil 500 turistas en primeras nevadas"},"content":{"rendered":"\n<div class=\"twitterbutton\" style=\"float: right; padding-left: 5px;\"><a href=\"http:\/\/twitter.com\/share\" class=\"twitter-share-button\" data-count=\"horizontal\" data-text=\"Cofre de Perote, Veracruz registra visita de 2 mil 500 turistas en primeras neva...\" data-via=\"https:\/\/twitter.com\/VertienteGloba1\" data-url=\"http:\/\/vertienteglobal.com\/?p=196644\" data-lang=\"es\" data-related=\"Informaci\u00f3n general:S\u00edguenos para que est\u00e9ss informado\"><\/a><\/div>\n<figure class=\"wp-block-image size-large\"><img loading=\"lazy\" decoding=\"async\" width=\"1024\" height=\"683\" src=\"http:\/\/vertienteglobal.com\/wp-content\/uploads\/2022\/01\/1196284.jpg\" alt=\"\" class=\"wp-image-196645\" srcset=\"http:\/\/vertienteglobal.com\/wp-content\/uploads\/2022\/01\/1196284.jpg 1024w, http:\/\/vertienteglobal.com\/wp-content\/uploads\/2022\/01\/1196284-300x200.jpg 300w, http:\/\/vertienteglobal.com\/wp-content\/uploads\/2022\/01\/1196284-150x100.jpg 150w, http:\/\/vertienteglobal.com\/wp-content\/uploads\/2022\/01\/1196284-768x512.jpg 768w\" sizes=\"auto, (max-width: 1024px) 100vw, 1024px\" \/><\/figure>\n\n\n\n<p>(Redacci\u00f3n)<\/p>\n\n\n\n<p>Bello Loranca, se\u00f1al\u00f3 que aunque ya no est\u00e1 nevando en la monta\u00f1a, la poblaci\u00f3n sigue subiendo pues la nieve todav\u00eda est\u00e1 visible a los 4 mil metros de altura<\/p>\n\n\n\n<p>Xalapa, Veracruz a 13 de enero de 2022.-En los \u00faltimos d\u00edas 2 mil 500 visitantes han acudido al Cofre de Perote para disfrutar el espect\u00e1culo natural tras la nevada de d\u00edas pasados.<\/p>\n\n\n\n<p>El director de Protecci\u00f3n Civil de Perote, Ernesto Bello Loranca, se\u00f1al\u00f3 que aunque ya no est\u00e1 nevando en la monta\u00f1a, la poblaci\u00f3n sigue subiendo pues la nieve todav\u00eda est\u00e1 visible a los 4 mil metros de altura.<\/p>\n\n\n\n<p>\u201cYa no est\u00e1 nevando, aproximadamente a los 4 mil metros empieza la nieve, pero siguen subiendo turistas (\u2026) En estos d\u00edas llegaron m\u00e1s o menos 2 mil personas al punto\u201d.<\/p>\n\n\n\n<p>Tan solo este mi\u00e9rcoles acudieron a este sitio m\u00e1s de mil 100 personas y 298 veh\u00edculos, pero record\u00f3 que se permite caminar en la monta\u00f1a en su parte alta de 8 de la ma\u00f1ana a 3 de la tarde.<\/p>\n\n\n\n<p>\u201cNada m\u00e1s pueden llegar al sitio conocido como Ramsar, aqu\u00ed estamos ubicados nosotros, est\u00e1 personal de Protecci\u00f3n Civil municipal y se les dan recomendaciones a quienes suben caminando\u201d.<\/p>\n\n\n\n<p>El funcionario indic\u00f3 que si en alg\u00fan momento los visitantes se siente mareados o con n\u00e1useas, bajen a ese punto para atenderlos porque se tratar\u00eda del llamado \u201cmal de monta\u00f1a\u201d, aunque dijo hasta ahora no ha habido ning\u00fan incidente.<\/p>\n\n\n\n<p>Agreg\u00f3 que se es posible que el fin de semana se presente una nueva nevada, aunque esto depender\u00e1 de si el frente fr\u00edo que se prev\u00e9 pueda estacionarse en la zona, ya que que de lo contrario ser\u00eda poco probable que caiga nieve.<\/p>\n\n\n\n<p>\u201cExisten las condiciones (para una nueva nevada), lo que pas\u00f3 con este fen\u00f3meno fue que se estacion\u00f3 el frente fr\u00edo y por eso hubo, se espera otro frente fr\u00edo el s\u00e1bado pero si no se estaciona es improbable que vuelva a caer nieve\u201d.<\/p>\n\n\n\n<p>Ante la visita, Bello Loranca pidi\u00f3 a la poblaci\u00f3n ir bien abrigado, con zapato adecuado y no llevar beb\u00e9s porque se corren riesgo debido a las bajas temperaturas.(Fuenteyfoto:AVC)<\/p>\n","protected":false},"excerpt":{"rendered":"<p>(Redacci\u00f3n) Bello Loranca, se\u00f1al\u00f3 que aunque ya no est\u00e1 nevando en la monta\u00f1a, la poblaci\u00f3n sigue subiendo pues la nieve todav\u00eda est\u00e1 visible a los 4 mil metros de altura Xalapa, Veracruz a 13 de enero de 2022.-En los \u00faltimos d\u00edas 2 mil 500 visitantes han acudido al Cofre de Perote para disfrutar el espect\u00e1culo [&hellip;]<\/p>\n","protected":false},"author":1,"featured_media":196645,"comment_status":"open","ping_status":"open","sticky":false,"template":"","format":"standard","meta":{"footnotes":""},"categories":[7],"tags":[],"class_list":["post-196644","post","type-post","status-publish","format-standard","has-post-thumbnail","hentry","category-veracruz","entry","has-media"],"jetpack_featured_media_url":"http:\/\/vertienteglobal.com\/wp-content\/uploads\/2022\/01\/1196284.jpg","_links":{"self":[{"href":"http:\/\/vertienteglobal.com\/index.php?rest_route=\/wp\/v2\/posts\/196644","targetHints":{"allow":["GET"]}}],"collection":[{"href":"http:\/\/vertienteglobal.com\/index.php?rest_route=\/wp\/v2\/posts"}],"about":[{"href":"http:\/\/vertienteglobal.com\/index.php?rest_route=\/wp\/v2\/types\/post"}],"author":[{"embeddable":true,"href":"http:\/\/vertienteglobal.com\/index.php?rest_route=\/wp\/v2\/users\/1"}],"replies":[{"embeddable":true,"href":"http:\/\/vertienteglobal.com\/index.php?rest_route=%2Fwp%2Fv2%2Fcomments&post=196644"}],"version-history":[{"count":0,"href":"http:\/\/vertienteglobal.com\/index.php?rest_route=\/wp\/v2\/posts\/196644\/revisions"}],"wp:featuredmedia":[{"embeddable":true,"href":"http:\/\/vertienteglobal.com\/index.php?rest_route=\/wp\/v2\/media\/196645"}],"wp:attachment":[{"href":"http:\/\/vertienteglobal.com\/index.php?rest_route=%2Fwp%2Fv2%2Fmedia&parent=196644"}],"wp:term":[{"taxonomy":"category","embeddable":true,"href":"http:\/\/vertienteglobal.com\/index.php?rest_route=%2Fwp%2Fv2%2Fcategories&post=196644"},{"taxonomy":"post_tag","embeddable":true,"href":"http:\/\/vertienteglobal.com\/index.php?rest_route=%2Fwp%2Fv2%2Ftags&post=196644"}],"curies":[{"name":"wp","href":"https:\/\/api.w.org\/{rel}","templated":true}]}}