{"id":196507,"date":"2022-01-12T10:39:00","date_gmt":"2022-01-12T16:39:00","guid":{"rendered":"http:\/\/vertienteglobal.com\/?p=196507"},"modified":"2022-01-12T13:42:30","modified_gmt":"2022-01-12T19:42:30","slug":"inicia-vacunacion-covid-de-refuerzo-para-maestros-en-mexico-prioridad-para-regreso-a-clases-sep","status":"publish","type":"post","link":"http:\/\/vertienteglobal.com\/?p=196507","title":{"rendered":"Inicia vacunaci\u00f3n covid de refuerzo para maestros en M\u00e9xico; prioridad para regreso a clases: SEP"},"content":{"rendered":"\n<div class=\"twitterbutton\" style=\"float: right; padding-left: 5px;\"><a href=\"http:\/\/twitter.com\/share\" class=\"twitter-share-button\" data-count=\"horizontal\" data-text=\"Inicia vacunaci\u00f3n covid de refuerzo para maestros en M\u00e9xico; prioridad para re...\" data-via=\"https:\/\/twitter.com\/VertienteGloba1\" data-url=\"http:\/\/vertienteglobal.com\/?p=196507\" data-lang=\"es\" data-related=\"Informaci\u00f3n general:S\u00edguenos para que est\u00e9ss informado\"><\/a><\/div>\n<figure class=\"wp-block-image size-large\"><img loading=\"lazy\" decoding=\"async\" width=\"660\" height=\"330\" src=\"http:\/\/vertienteglobal.com\/wp-content\/uploads\/2022\/01\/vacunacion-maestros-660x330-1.jpg\" alt=\"\" class=\"wp-image-196508\" srcset=\"http:\/\/vertienteglobal.com\/wp-content\/uploads\/2022\/01\/vacunacion-maestros-660x330-1.jpg 660w, http:\/\/vertienteglobal.com\/wp-content\/uploads\/2022\/01\/vacunacion-maestros-660x330-1-300x150.jpg 300w, http:\/\/vertienteglobal.com\/wp-content\/uploads\/2022\/01\/vacunacion-maestros-660x330-1-150x75.jpg 150w\" sizes=\"auto, (max-width: 660px) 100vw, 660px\" \/><\/figure>\n\n\n\n<p>(Redacci\u00f3n)<\/p>\n\n\n\n<p><em><strong>La SEP recibi\u00f3 2 millones 686 mil 320 dosis de la vacuna contra la covid de la farmac\u00e9utica Moderna que se aplicar\u00e1n a maestros, personal administrativo y de limpieza en las escuelas p\u00fablicas y privadas de M\u00e9xico<\/strong><\/em><\/p>\n\n\n\n<p>Ciudad de M\u00e9xico a 12 de enero de 2022.-Hoy mi\u00e9rcoles 12 de enero de 2022, el gobierno de Andr\u00e9s Manuel L\u00f3pez Obrador (AMLO) inici\u00f3 la aplicaci\u00f3n de la vacuna de refuerzo contra la covid para maestros y personal educativo en M\u00e9xico; el cual permitir\u00e1 dar prioridad al regreso a clases, de acuerdo con lo dicho por la Secretar\u00eda de Educaci\u00f3n P\u00fablica, Delfina G\u00f3mez \u00c1lvarez.<\/p>\n\n\n\n<p>\u201cYa est\u00e1n aqu\u00ed nuestros maestros, el proceso de vacunaci\u00f3n y este es con la finalidad como lo ha establecido nuestro presidente, la prioridad que se tiene para este regreso a clases que sea de manera segura, y una de las formas es tener seguro a nuestro personal que va a estar en ese proceso educativo. Invito a todos los maestros, al personal educativo, al personal manual, a que vengan a aplicarse este refuerzo, que sin duda nos va a generar una confianza de seguridad en nuestra salud\u201d, dijo la maestra Delfina G\u00f3mez desde el estado de Puebla, entidad donde arranc\u00f3 vacunaci\u00f3n covid de refuerzo para maestros y personal educativo en M\u00e9xico.<\/p>\n\n\n\n<p>En conferencia ma\u00f1anera, la secretaria de Educaci\u00f3n P\u00fablica federal inform\u00f3 que el pasado s\u00e1bado 8 de enero, la dependencia a su cargo recibi\u00f3 2 millones 686 mil 320 dosis de la vacuna contra la covid, de la farmac\u00e9utica Moderna, que se aplicar\u00e1n a maestros, personal administrativo y de limpieza en las escuelas p\u00fablicas y privadas del pa\u00eds.<\/p>\n\n\n\n<p>La titular de la SEP dese\u00f3 pronta recuperaci\u00f3n al presidente AMLO, quien result\u00f3 positivo a covid por segunda ocasi\u00f3n.<\/p>\n\n\n\n<p>Durante la conferencia, se enlazaron con la jefa de Gobierno de la Ciudad de M\u00e9xico, Claudia Sheinbaum, y los gobernadores Puebla, Miguel Barbosa; de Chiapas, Rutilio Escand\u00f3n; y de Sonora, Alfonso Durazo, entidades donde tambi\u00e9n inici\u00f3 la vacunaci\u00f3n de refuerzo a personal educativo.<\/p>\n\n\n\n<p>Por su parte, el secretario de Gobernaci\u00f3n, Ad\u00e1n Augusto L\u00f3pez, quien encabez\u00f3 la conferencia ma\u00f1anera de hoy agradeci\u00f3 a las Brigadas Correcaminos, al IMSS, a la SEP el trabajo coordinado que ha hecho posible que M\u00e9xico sea de los pa\u00edses con m\u00e1s porcentaje de vacunas en el mundo.<\/p>\n\n\n\n<p>\u201cEs un esfuerzo grande que tengamos m\u00e1s de 200 millones de dosis\u201d, sentenci\u00f3 el secretario de Gobernaci\u00f3n. (Fuente: Noticieros Televisa.\u00f1)<\/p>\n","protected":false},"excerpt":{"rendered":"<p>(Redacci\u00f3n) La SEP recibi\u00f3 2 millones 686 mil 320 dosis de la vacuna contra la covid de la farmac\u00e9utica Moderna que se aplicar\u00e1n a maestros, personal administrativo y de limpieza en las escuelas p\u00fablicas y privadas de M\u00e9xico Ciudad de M\u00e9xico a 12 de enero de 2022.-Hoy mi\u00e9rcoles 12 de enero de 2022, el gobierno [&hellip;]<\/p>\n","protected":false},"author":1,"featured_media":196508,"comment_status":"open","ping_status":"open","sticky":false,"template":"","format":"standard","meta":{"footnotes":""},"categories":[9,8],"tags":[],"class_list":["post-196507","post","type-post","status-publish","format-standard","has-post-thumbnail","hentry","category-educacion","category-pais","entry","has-media"],"jetpack_featured_media_url":"http:\/\/vertienteglobal.com\/wp-content\/uploads\/2022\/01\/vacunacion-maestros-660x330-1.jpg","_links":{"self":[{"href":"http:\/\/vertienteglobal.com\/index.php?rest_route=\/wp\/v2\/posts\/196507","targetHints":{"allow":["GET"]}}],"collection":[{"href":"http:\/\/vertienteglobal.com\/index.php?rest_route=\/wp\/v2\/posts"}],"about":[{"href":"http:\/\/vertienteglobal.com\/index.php?rest_route=\/wp\/v2\/types\/post"}],"author":[{"embeddable":true,"href":"http:\/\/vertienteglobal.com\/index.php?rest_route=\/wp\/v2\/users\/1"}],"replies":[{"embeddable":true,"href":"http:\/\/vertienteglobal.com\/index.php?rest_route=%2Fwp%2Fv2%2Fcomments&post=196507"}],"version-history":[{"count":0,"href":"http:\/\/vertienteglobal.com\/index.php?rest_route=\/wp\/v2\/posts\/196507\/revisions"}],"wp:featuredmedia":[{"embeddable":true,"href":"http:\/\/vertienteglobal.com\/index.php?rest_route=\/wp\/v2\/media\/196508"}],"wp:attachment":[{"href":"http:\/\/vertienteglobal.com\/index.php?rest_route=%2Fwp%2Fv2%2Fmedia&parent=196507"}],"wp:term":[{"taxonomy":"category","embeddable":true,"href":"http:\/\/vertienteglobal.com\/index.php?rest_route=%2Fwp%2Fv2%2Fcategories&post=196507"},{"taxonomy":"post_tag","embeddable":true,"href":"http:\/\/vertienteglobal.com\/index.php?rest_route=%2Fwp%2Fv2%2Ftags&post=196507"}],"curies":[{"name":"wp","href":"https:\/\/api.w.org\/{rel}","templated":true}]}}