{"id":196490,"date":"2022-01-11T14:51:00","date_gmt":"2022-01-11T20:51:00","guid":{"rendered":"http:\/\/vertienteglobal.com\/?p=196490"},"modified":"2022-01-12T13:30:58","modified_gmt":"2022-01-12T19:30:58","slug":"que-debo-hacer-si-tuve-contacto-con-alguien-positivo-de-covid-19","status":"publish","type":"post","link":"http:\/\/vertienteglobal.com\/?p=196490","title":{"rendered":"\u00bfQu\u00e9 debo hacer si tuve contacto con alguien positivo de Covid 19?"},"content":{"rendered":"\n<div class=\"twitterbutton\" style=\"float: right; padding-left: 5px;\"><a href=\"http:\/\/twitter.com\/share\" class=\"twitter-share-button\" data-count=\"horizontal\" data-text=\"\u00bfQu\u00e9 debo hacer si tuve contacto con alguien positivo de Covid 19?\" data-via=\"https:\/\/twitter.com\/VertienteGloba1\" data-url=\"http:\/\/vertienteglobal.com\/?p=196490\" data-lang=\"es\" data-related=\"Informaci\u00f3n general:S\u00edguenos para que est\u00e9ss informado\"><\/a><\/div>\n<figure class=\"wp-block-image size-large\"><img loading=\"lazy\" decoding=\"async\" width=\"660\" height=\"330\" src=\"http:\/\/vertienteglobal.com\/wp-content\/uploads\/2022\/01\/f960x540-315012_389087_15-660x330-1.jpg\" alt=\"\" class=\"wp-image-196491\" srcset=\"http:\/\/vertienteglobal.com\/wp-content\/uploads\/2022\/01\/f960x540-315012_389087_15-660x330-1.jpg 660w, http:\/\/vertienteglobal.com\/wp-content\/uploads\/2022\/01\/f960x540-315012_389087_15-660x330-1-300x150.jpg 300w, http:\/\/vertienteglobal.com\/wp-content\/uploads\/2022\/01\/f960x540-315012_389087_15-660x330-1-150x75.jpg 150w\" sizes=\"auto, (max-width: 660px) 100vw, 660px\" \/><\/figure>\n\n\n\n<p>(Redacci\u00f3n)<\/p>\n\n\n\n<p><strong>La variante \u00d3micron de este virus ha cambiado el panorama en cuanto a medidas sanitarias se refiere y es que los anuncios por parte de las autoridades contravienen las pr\u00e1cticas pasadas<\/strong><\/p>\n\n\n\n<p>Ciudad de M\u00e9xico a 11 de enero de 2022.- Realizarse la prueba para no propagar al COVID-19 ha dejado de ser la opci\u00f3n m\u00e1s importante a la hora de tener contacto con alguien contagiado; incluso dej\u00f3 de serlo para quienes tienen s\u00edntomas y es que la respuesta oficial a la pregunta se\u00f1ala que aislarse de manera voluntaria ser\u00eda la forma m\u00e1s eficaz de combatir el esparcimiento del virus.<\/p>\n\n\n\n<p>\u201cEl aislamiento es una medida voluntaria: a nadie se le puede obligar, ni siquiera a los casos confirmados. Por fortuna, todos han aceptado la cuarentena para no diseminar la enfermedad. Hay muchos casos de personas que decidieron ponerse en cuarentena al comprobar que estuvieron cerca de alguien que se enferm\u00f3 de COVID-19\u201d, responde la p\u00e1gina del gobierno federal en la secci\u00f3n de preguntas frecuentes a qu\u00e9 hacer si tuviste contacto con un caso confirmado.<\/p>\n\n\n\n<p>Es por ello que el aislamiento es la nueva soluci\u00f3n que ha propuesto M\u00e9xico para combatir a la variante \u00d3micron del COVID-19; dicha medida ya ha sido sugerida por la jefa de Gobierno de la Ciudad de M\u00e9xico, Claudia Sheinbaum, e incluso por el presidente Andr\u00e9s Manuel L\u00f3pez Obrador; pues en caso de sentir alg\u00fan s\u00edntoma del virus o un resfriado, se recomienda no hacerse la prueba.<\/p>\n\n\n\n<p>Al respecto, Eduardo Clark, director de Gobierno de la Agencia Digital de Innovaci\u00f3n P\u00fablica (ADIP) abund\u00f3 en entrevista con Denise Maerker que hacer la prueba ya resulta un esfuerzo complicado; pues ser\u00eda casi imposible detectar al n\u00famero total de pacientes contagiados.<\/p>\n\n\n\n<p>\u00bfY si me quiero hacer la prueba?<\/p>\n\n\n\n<p>Clark coment\u00f3 tambi\u00e9n que un 50% de las personas que acuden a los macroquioscos a realizarse una prueba no tienen s\u00edntomas ni sospecha de cruzarse con alg\u00fan caso positivo; sino que son gente que necesitan un premiso para trabajar. En ese caso, lo mejor ser\u00eda asistir s\u00f3lo con una verdadera raz\u00f3n m\u00e9dica, aunque Sheinbaum aclar\u00f3 que ante cualquier s\u00edntoma, lo ideal es asumir que la enfermedad est\u00e1 en el cuerpo y ayudarse del Locatel para recibir atenci\u00f3n m\u00e9dica.<\/p>\n\n\n\n<p>En caso de que la prueba sea necesaria, lo mejor es esperar entre 5 y 7 d\u00edas despu\u00e9s de haberse expuesto al virus, aunque no haya presencia de s\u00edntomas.<\/p>\n\n\n\n<p>\u00bfQu\u00e9 prueba hacerme?<\/p>\n\n\n\n<p>De acuerdo \u00d3scar Zavala Mart\u00ednez, presidente de la Uni\u00f3n Nacional Interdisciplinaria de Farmacias Cl\u00ednicas y Consultorios (Unifac), existen 3 tipos de pruebas: la PCR, que es tecnolog\u00eda molecular y la primera que rastreaba el virus en el cuerpo. Aunque es la de mayor precio, es tambi\u00e9n la m\u00e1s precisa.<\/p>\n\n\n\n<p>Los otros dos tipos son r\u00e1pidas: una es de ant\u00edgenos y se encarga de localizar en el cuerpo si existe la mol\u00e9cula de la c\u00e1psula que envuelve al virus, llamada \u201cprote\u00edna S\u201d, por su tecnolog\u00eda es muy confiable; por \u00faltimo est\u00e1 la inmunol\u00f3gica o de anticuerpos, la cual no tiene resultados tan certeros pues mide la cantidad de estos contra SARS-CoV-2 en sangre.<\/p>\n\n\n\n<p>Ante ese escenario, coment\u00f3 que en caso de realizarse alguna prueba, es necesario verificar el lugar donde se va a realizar y el material a ocupar; pues ha habido casos donde venden pruebas inmunol\u00f3gicas como si fueran una PCR. (Fuente: Radio F\u00f3rmula)<\/p>\n","protected":false},"excerpt":{"rendered":"<p>(Redacci\u00f3n) La variante \u00d3micron de este virus ha cambiado el panorama en cuanto a medidas sanitarias se refiere y es que los anuncios por parte de las autoridades contravienen las pr\u00e1cticas pasadas Ciudad de M\u00e9xico a 11 de enero de 2022.- Realizarse la prueba para no propagar al COVID-19 ha dejado de ser la opci\u00f3n [&hellip;]<\/p>\n","protected":false},"author":1,"featured_media":196491,"comment_status":"open","ping_status":"open","sticky":false,"template":"","format":"standard","meta":{"footnotes":""},"categories":[8],"tags":[],"class_list":["post-196490","post","type-post","status-publish","format-standard","has-post-thumbnail","hentry","category-pais","entry","has-media"],"jetpack_featured_media_url":"http:\/\/vertienteglobal.com\/wp-content\/uploads\/2022\/01\/f960x540-315012_389087_15-660x330-1.jpg","_links":{"self":[{"href":"http:\/\/vertienteglobal.com\/index.php?rest_route=\/wp\/v2\/posts\/196490","targetHints":{"allow":["GET"]}}],"collection":[{"href":"http:\/\/vertienteglobal.com\/index.php?rest_route=\/wp\/v2\/posts"}],"about":[{"href":"http:\/\/vertienteglobal.com\/index.php?rest_route=\/wp\/v2\/types\/post"}],"author":[{"embeddable":true,"href":"http:\/\/vertienteglobal.com\/index.php?rest_route=\/wp\/v2\/users\/1"}],"replies":[{"embeddable":true,"href":"http:\/\/vertienteglobal.com\/index.php?rest_route=%2Fwp%2Fv2%2Fcomments&post=196490"}],"version-history":[{"count":0,"href":"http:\/\/vertienteglobal.com\/index.php?rest_route=\/wp\/v2\/posts\/196490\/revisions"}],"wp:featuredmedia":[{"embeddable":true,"href":"http:\/\/vertienteglobal.com\/index.php?rest_route=\/wp\/v2\/media\/196491"}],"wp:attachment":[{"href":"http:\/\/vertienteglobal.com\/index.php?rest_route=%2Fwp%2Fv2%2Fmedia&parent=196490"}],"wp:term":[{"taxonomy":"category","embeddable":true,"href":"http:\/\/vertienteglobal.com\/index.php?rest_route=%2Fwp%2Fv2%2Fcategories&post=196490"},{"taxonomy":"post_tag","embeddable":true,"href":"http:\/\/vertienteglobal.com\/index.php?rest_route=%2Fwp%2Fv2%2Ftags&post=196490"}],"curies":[{"name":"wp","href":"https:\/\/api.w.org\/{rel}","templated":true}]}}