{"id":196413,"date":"2022-01-10T15:45:00","date_gmt":"2022-01-10T21:45:00","guid":{"rendered":"http:\/\/vertienteglobal.com\/?p=196413"},"modified":"2022-01-10T19:49:55","modified_gmt":"2022-01-11T01:49:55","slug":"reportan-caida-de-nieve-y-aguanieve-en-veracruz","status":"publish","type":"post","link":"http:\/\/vertienteglobal.com\/?p=196413","title":{"rendered":"Reportan ca\u00edda de nieve y aguanieve en Veracruz"},"content":{"rendered":"\n<div class=\"twitterbutton\" style=\"float: right; padding-left: 5px;\"><a href=\"http:\/\/twitter.com\/share\" class=\"twitter-share-button\" data-count=\"horizontal\" data-text=\"Reportan ca\u00edda de nieve y aguanieve en Veracruz\" data-via=\"https:\/\/twitter.com\/VertienteGloba1\" data-url=\"http:\/\/vertienteglobal.com\/?p=196413\" data-lang=\"es\" data-related=\"Informaci\u00f3n general:S\u00edguenos para que est\u00e9ss informado\"><\/a><\/div>\n<figure class=\"wp-block-image size-large\"><img loading=\"lazy\" decoding=\"async\" width=\"1024\" height=\"683\" src=\"http:\/\/vertienteglobal.com\/wp-content\/uploads\/2022\/01\/1195834.jpg\" alt=\"\" class=\"wp-image-196414\" srcset=\"http:\/\/vertienteglobal.com\/wp-content\/uploads\/2022\/01\/1195834.jpg 1024w, http:\/\/vertienteglobal.com\/wp-content\/uploads\/2022\/01\/1195834-300x200.jpg 300w, http:\/\/vertienteglobal.com\/wp-content\/uploads\/2022\/01\/1195834-150x100.jpg 150w, http:\/\/vertienteglobal.com\/wp-content\/uploads\/2022\/01\/1195834-768x512.jpg 768w\" sizes=\"auto, (max-width: 1024px) 100vw, 1024px\" \/><\/figure>\n\n\n\n<p>(Redacci\u00f3n)<\/p>\n\n\n\n<p>Informa que continuar\u00e1n las lluvias en pr\u00f3ximas 3-6 horas sobre diversas zonas de la entidad, concentr\u00e1ndose ahora hacia el sur durante esta tarde-noche<\/p>\n\n\n\n<p>Xalapa, Veracruz a 10 de enero de 2022.-La jefa de Hidrometeorolog\u00eda de la Comisi\u00f3n Nacional del Agua (Conagua), Jessica Luna, reporta la ca\u00edda de Nieve en el Cofre de Perote, la tarde de este lunes y comparte im\u00e1genes.<\/p>\n\n\n\n<p>Mientras que la Secretar\u00eda de Protecci\u00f3n Civil pronostica ca\u00edda de nieve y aguanieve en zonas altas de Veracruz como son el Cofre de perote y el Pico de Orizaba para las pr\u00f3ximas horas por el ingreso del Frente fr\u00edo 21 y una masa de aire polar.<\/p>\n\n\n\n<p>Informa que continuar\u00e1n las lluvias en pr\u00f3ximas 3-6 horas sobre diversas zonas de la entidad, concentr\u00e1ndose ahora hacia el sur durante esta tarde-noche.<\/p>\n","protected":false},"excerpt":{"rendered":"<p>(Redacci\u00f3n) Informa que continuar\u00e1n las lluvias en pr\u00f3ximas 3-6 horas sobre diversas zonas de la entidad, concentr\u00e1ndose ahora hacia el sur durante esta tarde-noche Xalapa, Veracruz a 10 de enero de 2022.-La jefa de Hidrometeorolog\u00eda de la Comisi\u00f3n Nacional del Agua (Conagua), Jessica Luna, reporta la ca\u00edda de Nieve en el Cofre de Perote, la [&hellip;]<\/p>\n","protected":false},"author":1,"featured_media":196414,"comment_status":"open","ping_status":"open","sticky":false,"template":"","format":"standard","meta":{"footnotes":""},"categories":[7],"tags":[],"class_list":["post-196413","post","type-post","status-publish","format-standard","has-post-thumbnail","hentry","category-veracruz","entry","has-media"],"jetpack_featured_media_url":"http:\/\/vertienteglobal.com\/wp-content\/uploads\/2022\/01\/1195834.jpg","_links":{"self":[{"href":"http:\/\/vertienteglobal.com\/index.php?rest_route=\/wp\/v2\/posts\/196413","targetHints":{"allow":["GET"]}}],"collection":[{"href":"http:\/\/vertienteglobal.com\/index.php?rest_route=\/wp\/v2\/posts"}],"about":[{"href":"http:\/\/vertienteglobal.com\/index.php?rest_route=\/wp\/v2\/types\/post"}],"author":[{"embeddable":true,"href":"http:\/\/vertienteglobal.com\/index.php?rest_route=\/wp\/v2\/users\/1"}],"replies":[{"embeddable":true,"href":"http:\/\/vertienteglobal.com\/index.php?rest_route=%2Fwp%2Fv2%2Fcomments&post=196413"}],"version-history":[{"count":0,"href":"http:\/\/vertienteglobal.com\/index.php?rest_route=\/wp\/v2\/posts\/196413\/revisions"}],"wp:featuredmedia":[{"embeddable":true,"href":"http:\/\/vertienteglobal.com\/index.php?rest_route=\/wp\/v2\/media\/196414"}],"wp:attachment":[{"href":"http:\/\/vertienteglobal.com\/index.php?rest_route=%2Fwp%2Fv2%2Fmedia&parent=196413"}],"wp:term":[{"taxonomy":"category","embeddable":true,"href":"http:\/\/vertienteglobal.com\/index.php?rest_route=%2Fwp%2Fv2%2Fcategories&post=196413"},{"taxonomy":"post_tag","embeddable":true,"href":"http:\/\/vertienteglobal.com\/index.php?rest_route=%2Fwp%2Fv2%2Ftags&post=196413"}],"curies":[{"name":"wp","href":"https:\/\/api.w.org\/{rel}","templated":true}]}}