{"id":196376,"date":"2022-01-09T13:50:00","date_gmt":"2022-01-09T19:50:00","guid":{"rendered":"http:\/\/vertienteglobal.com\/?p=196376"},"modified":"2022-01-09T14:11:42","modified_gmt":"2022-01-09T20:11:42","slug":"pronostican-calor-y-lluvias-para-este-domingo-en-la-peninsula-de-yucatan-2","status":"publish","type":"post","link":"http:\/\/vertienteglobal.com\/?p=196376","title":{"rendered":"Pronostican calor y lluvias para este domingo en la Pen\u00ednsula de Yucat\u00e1n"},"content":{"rendered":"\n<div class=\"twitterbutton\" style=\"float: right; padding-left: 5px;\"><a href=\"http:\/\/twitter.com\/share\" class=\"twitter-share-button\" data-count=\"horizontal\" data-text=\"Pronostican calor y lluvias para este domingo en la Pen\u00ednsula de Yucat\u00e1n\" data-via=\"https:\/\/twitter.com\/VertienteGloba1\" data-url=\"http:\/\/vertienteglobal.com\/?p=196376\" data-lang=\"es\" data-related=\"Informaci\u00f3n general:S\u00edguenos para que est\u00e9ss informado\"><\/a><\/div>\n<figure class=\"wp-block-image size-large\"><img loading=\"lazy\" decoding=\"async\" width=\"660\" height=\"330\" src=\"http:\/\/vertienteglobal.com\/wp-content\/uploads\/2022\/01\/sistemas_09_ene_2022_10h_61db09a5a3461-660x330-1.jpg\" alt=\"\" class=\"wp-image-196377\" srcset=\"http:\/\/vertienteglobal.com\/wp-content\/uploads\/2022\/01\/sistemas_09_ene_2022_10h_61db09a5a3461-660x330-1.jpg 660w, http:\/\/vertienteglobal.com\/wp-content\/uploads\/2022\/01\/sistemas_09_ene_2022_10h_61db09a5a3461-660x330-1-300x150.jpg 300w, http:\/\/vertienteglobal.com\/wp-content\/uploads\/2022\/01\/sistemas_09_ene_2022_10h_61db09a5a3461-660x330-1-150x75.jpg 150w\" sizes=\"auto, (max-width: 660px) 100vw, 660px\" \/><\/figure>\n\n\n\n<p>(Redacci\u00f3n)<\/p>\n\n\n\n<p>La temperatura\u00a0 m\u00e1s baja\u00a0en lo que va de la presente temporada\u00a0es de\u00a08.0 \u00b0C observada en\u00a0Mococha y Conkal\u00a0los dias 22 y 24 de diciembre. Para\u00a0mayor informaci\u00f3n consultar\u00a0https:\/\/Twitter.com\/conaguayucatan<\/p>\n\n\n\n<p><strong>M\u00e9rida, Yucat\u00e1n., 09 de enero 2022.- En las pr\u00f3ximas 24 horas, se prev\u00e9 cielo\u00a0<\/strong>parcialmente nublado, con probabilidad de lloviznas y chubascos aislados.<\/p>\n\n\n\n<p><strong>Temperaturas<\/strong>\u00a0calurosas durante el d\u00eda y\u00a0c\u00e1lidas\u00a0al amanecer<strong>.U<\/strong>na circulaci\u00f3n del sistema de alta presi\u00f3n y una vaguada al occidente de la<br>pen\u00ednsula de Yucat\u00e1n estar\u00e1n generando ingreso de aire c\u00e1lido y h\u00famedo del mar Caribe, situaci\u00f3n que ocasionar\u00e1 intervalo de chubascos con tormentas en el sur y norte de Quintana Roo, as\u00ed como en el sur y centro de Campeche; tambi\u00e9n se prev\u00e9n lloviznas en el oriente y sur de Yucat\u00e1n.<\/p>\n\n\n\n<p>El viento ser\u00e1 de componente este con velocidades de 20 a 30 km\/h con rachas de 50 km\/h en las costas y las temperaturas m\u00e1ximas ser\u00e1n calurosas, mientras que las m\u00ednimas ser\u00e1n c\u00e1lidas durante el amanecer.<\/p>\n\n\n\n<p>El pron\u00f3stico de temperaturas para la ciudad de M\u00e9rida es en el rango de 32 a 34 \u00b0C como m\u00e1xima y de 18 a 20 \u00b0C la m\u00ednima. Para el interior del estado, la&nbsp;m\u00e1xima ser\u00e1 de&nbsp;32 a 34&nbsp;\u00b0C en el&nbsp;Norte- Centro&nbsp;y&nbsp;oriente&nbsp;y de&nbsp;17 a 19&nbsp;\u00b0C la m\u00ednima para el&nbsp;oriente y sur.<\/p>\n\n\n\n<p>Durante el d\u00eda s\u00e1bado en Yucat\u00e1n no se tuvieron lluvias significativas; la temperatura m\u00e1xima fue de 32.5\u00a0\u00b0C registrada en Peto\u00a0y en M\u00e9rida (observatorio) fue de 32.3 \u00b0C; la m\u00ednima fue de 16.0\u00a0\u00b0C registrada en Peto y Motul.<\/p>\n\n\n\n<p>La temperatura\u00a0 m\u00e1s baja\u00a0en lo que va de la presente temporada\u00a0es de\u00a08.0 \u00b0C observada en\u00a0Mococha y Conkal\u00a0los dias 22 y 24 de diciembre. Para\u00a0mayor informaci\u00f3n consultar\u00a0https:\/\/Twitter.com\/conaguayucatan.<\/p>\n","protected":false},"excerpt":{"rendered":"<p>(Redacci\u00f3n) La temperatura\u00a0 m\u00e1s baja\u00a0en lo que va de la presente temporada\u00a0es de\u00a08.0 \u00b0C observada en\u00a0Mococha y Conkal\u00a0los dias 22 y 24 de diciembre. Para\u00a0mayor informaci\u00f3n consultar\u00a0https:\/\/Twitter.com\/conaguayucatan M\u00e9rida, Yucat\u00e1n., 09 de enero 2022.- En las pr\u00f3ximas 24 horas, se prev\u00e9 cielo\u00a0parcialmente nublado, con probabilidad de lloviznas y chubascos aislados. Temperaturas\u00a0calurosas durante el d\u00eda y\u00a0c\u00e1lidas\u00a0al amanecer.Una [&hellip;]<\/p>\n","protected":false},"author":1,"featured_media":196377,"comment_status":"open","ping_status":"open","sticky":false,"template":"","format":"standard","meta":{"footnotes":""},"categories":[2],"tags":[],"class_list":["post-196376","post","type-post","status-publish","format-standard","has-post-thumbnail","hentry","category-yucatan","entry","has-media"],"jetpack_featured_media_url":"http:\/\/vertienteglobal.com\/wp-content\/uploads\/2022\/01\/sistemas_09_ene_2022_10h_61db09a5a3461-660x330-1.jpg","_links":{"self":[{"href":"http:\/\/vertienteglobal.com\/index.php?rest_route=\/wp\/v2\/posts\/196376","targetHints":{"allow":["GET"]}}],"collection":[{"href":"http:\/\/vertienteglobal.com\/index.php?rest_route=\/wp\/v2\/posts"}],"about":[{"href":"http:\/\/vertienteglobal.com\/index.php?rest_route=\/wp\/v2\/types\/post"}],"author":[{"embeddable":true,"href":"http:\/\/vertienteglobal.com\/index.php?rest_route=\/wp\/v2\/users\/1"}],"replies":[{"embeddable":true,"href":"http:\/\/vertienteglobal.com\/index.php?rest_route=%2Fwp%2Fv2%2Fcomments&post=196376"}],"version-history":[{"count":0,"href":"http:\/\/vertienteglobal.com\/index.php?rest_route=\/wp\/v2\/posts\/196376\/revisions"}],"wp:featuredmedia":[{"embeddable":true,"href":"http:\/\/vertienteglobal.com\/index.php?rest_route=\/wp\/v2\/media\/196377"}],"wp:attachment":[{"href":"http:\/\/vertienteglobal.com\/index.php?rest_route=%2Fwp%2Fv2%2Fmedia&parent=196376"}],"wp:term":[{"taxonomy":"category","embeddable":true,"href":"http:\/\/vertienteglobal.com\/index.php?rest_route=%2Fwp%2Fv2%2Fcategories&post=196376"},{"taxonomy":"post_tag","embeddable":true,"href":"http:\/\/vertienteglobal.com\/index.php?rest_route=%2Fwp%2Fv2%2Ftags&post=196376"}],"curies":[{"name":"wp","href":"https:\/\/api.w.org\/{rel}","templated":true}]}}