{"id":196359,"date":"2022-01-08T16:53:06","date_gmt":"2022-01-08T22:53:06","guid":{"rendered":"http:\/\/vertienteglobal.com\/?p=196359"},"modified":"2022-01-09T13:30:56","modified_gmt":"2022-01-09T19:30:56","slug":"inicio-proceso-electoral-con-un-recorte-presupuestal-y-la-pandemia-para-la-eleccion-gobernador-y-diputados-locales-en-quintana-roo","status":"publish","type":"post","link":"http:\/\/vertienteglobal.com\/?p=196359","title":{"rendered":"Inicio proceso electoral con un recorte presupuestal y la pandemia para elegir gobernador y diputados locales en Quintana Roo"},"content":{"rendered":"\n<div class=\"twitterbutton\" style=\"float: right; padding-left: 5px;\"><a href=\"http:\/\/twitter.com\/share\" class=\"twitter-share-button\" data-count=\"horizontal\" data-text=\"Inicio proceso electoral con un recorte presupuestal y la pandemia para elegir g...\" data-via=\"https:\/\/twitter.com\/VertienteGloba1\" data-url=\"http:\/\/vertienteglobal.com\/?p=196359\" data-lang=\"es\" data-related=\"Informaci\u00f3n general:S\u00edguenos para que est\u00e9ss informado\"><\/a><\/div>\n<figure class=\"wp-block-image size-large\"><img loading=\"lazy\" decoding=\"async\" width=\"616\" height=\"369\" src=\"http:\/\/vertienteglobal.com\/wp-content\/uploads\/2022\/01\/Screenshot_20220109-135540_Chrome2.jpg\" alt=\"\" class=\"wp-image-196360\" srcset=\"http:\/\/vertienteglobal.com\/wp-content\/uploads\/2022\/01\/Screenshot_20220109-135540_Chrome2.jpg 616w, http:\/\/vertienteglobal.com\/wp-content\/uploads\/2022\/01\/Screenshot_20220109-135540_Chrome2-300x180.jpg 300w, http:\/\/vertienteglobal.com\/wp-content\/uploads\/2022\/01\/Screenshot_20220109-135540_Chrome2-150x90.jpg 150w\" sizes=\"auto, (max-width: 616px) 100vw, 616px\" \/><\/figure>\n\n\n\n<p>(Redacci\u00f3n)<\/p>\n\n\n\n<p>El presupuesto del Ieqroo disminuy\u00f3 en m\u00e1s de 62 millones de pesos y tendremos que asumir ese recorte y los m\u00e1s afectados ser\u00e1n los servidores electorales que tendr\u00e1n que hacer mucho con menos<\/p>\n\n\n\n<p>Chetumal, Quintana Roo a 08 de enero de 2022.- Con un recorte presupuestal de poco m\u00e1s de 62 millones de pesos por parte de la XVI Legislatura, adem\u00e1s que el PRI y Movimiento Ciudadano decidieron ir solos en esta proceso local y el esfuerzo por lograr una participaci\u00f3n ciudadana el d\u00eda de la elecci\u00f3n, dio inicio el proceso para elegir a gobernador del Estado y 15 diputados de mayor\u00eda relativa y 10 de representaci\u00f3n proporcional, este 5 de junio.<\/p>\n\n\n\n<p>Y es que debido al aumento en el n\u00famero de casos positivos de covid-19, la sesi\u00f3n del Instituto Electoral de Quintana Roo (Ieqroo) se realiz\u00f3 bajo protocolos sanitarios en los que consejeros y representantes de partidos pol\u00edticos tomaron la determinaci\u00f3n de asistir ya sea de manera presencial o en forma virtual.<\/p>\n\n\n\n<p>El consejero Adri\u00e1n S\u00e1nchez Manzanilla hizo referencia al recorte presupuestal aprobado por la XVI Legislatura a pesar del gasto que se deber\u00e1 realizar para garantizar la salud de trabajadores y votantes y el aumento en el n\u00famero de casillas.<\/p>\n\n\n\n<p>Informo que el presupuesto del Ieqroo disminuy\u00f3 en m\u00e1s de 62 millones de pesos y tendremos que asumir ese recorte y los m\u00e1s afectados ser\u00e1n los servidores electorales que tendr\u00e1n que hacer mucho con menos.<\/p>\n\n\n\n<p>Tambi\u00e9n hizo referencia al hecho de que los ciudadanos en Quintana Roo han atravesado por cinco procesos electorales en seis a\u00f1os \u201clo que representa un reto may\u00fasculo para motivar la participaci\u00f3n ciudadana el d\u00eda de la elecci\u00f3n\u201d.<\/p>\n\n\n\n<p>Adem\u00e1s que es un proceso electoral at\u00edpico ya que la gubernatura ser\u00e1 por cinco a\u00f1os y el per\u00edodo de los diputados locales ser\u00e1 de dos.<\/p>\n\n\n\n<p>Por su parte, la consejera Elizabeth Arredondo hizo referencia a las modificaciones electorales en materia de paridad de g\u00e9nero con la cual una mujer pudiera ser la primera gobernadora en el Estado. Hizo un llamado a los servidores p\u00fablicos a respetar la equidad en la contienda y evitar conductas que empa\u00f1en el proceso electoral, respeto a la paridad y evitar cualquier posible acto de violencia pol\u00edtica contra la mujer en raz\u00f3n de g\u00e9nero.<\/p>\n\n\n\n<p>En su intervenci\u00f3n, el representante del PAN hizo una cr\u00edtica a la crisis econ\u00f3mica, social y pol\u00edtica en la que se encuentra el pa\u00eds por el incumplimiento en los compromisos presidenciales y el aumento en los niveles de inseguridad, consecuencia de la falta de apoyo del presidente Andr\u00e9s Manuel L\u00f3pez Obrador.<\/p>\n\n\n\n<p>Asimismo, el representante del PRI, Juan Manzanilla Lagos, dijo que el proceso electoral ser\u00e1 definitorio no s\u00f3lo en la elecci\u00f3n de gobernador y diputados locales sino en el fortalecimiento de los partidos pol\u00edticos<\/p>\n\n\n\n<p>Coment\u00f3: \u201cPara nadie es un secreto que los partidos pol\u00edticos vamos con el deseo de ganar y otros para mantener su registro. En el caso del PRI hemos decidido ir solos en esta contienda porque se ha perdido m\u00e1s y ganado poco con las alianzas de otros partidos pol\u00edticos\u201d.<\/p>\n\n\n\n<p>Dijo que la decisi\u00f3n de contender solos obedece a la exigencia de la militancia de conocer la realidad electoral sin contaminaci\u00f3n que permita definir una estrategia de recuperaci\u00f3n econ\u00f3mica.<\/p>\n\n\n\n<p>El hecho de ir solos tiene que ver m\u00e1s con el fortalecimiento de nuestra estructura y recuperar la confianza de la militancia que con enconos con otros partidos. Todos buscamos el bien de Quintana Roo, enfatiz\u00f3.<\/p>\n\n\n\n<p>Por su parte, el representante de Movimiento Ciudadano Luis C\u00e1mara tambi\u00e9n afirm\u00f3 que van solos en este proceso porque han logrado avanzar m\u00e1s que con alianzas. Pidi\u00f3 juego limpio y no agresiones.<\/p>\n\n\n\n<p>Alfredo Gambia y Can, de Morena dijo que deben fortalecer la participaci\u00f3n ciudadana en la pr\u00f3xima elecci\u00f3n al anticipar que una mujer ser\u00e1 la pr\u00f3xima gobernadora de Quintana Roo.<\/p>\n\n\n\n<p>La consejera presidenta del Ieqroo, Mayra San Rom\u00e1n Carrillo hizo un llamado a los partidos pol\u00edticos y sus candidatos y candidatas a conducirse en el marco de la legalidad y a los ciudadanos a salir a votar el d\u00eda de la elecci\u00f3n.<\/p>\n","protected":false},"excerpt":{"rendered":"<p>(Redacci\u00f3n) El presupuesto del Ieqroo disminuy\u00f3 en m\u00e1s de 62 millones de pesos y tendremos que asumir ese recorte y los m\u00e1s afectados ser\u00e1n los servidores electorales que tendr\u00e1n que hacer mucho con menos Chetumal, Quintana Roo a 08 de enero de 2022.- Con un recorte presupuestal de poco m\u00e1s de 62 millones de pesos [&hellip;]<\/p>\n","protected":false},"author":1,"featured_media":196360,"comment_status":"open","ping_status":"open","sticky":false,"template":"","format":"standard","meta":{"footnotes":""},"categories":[3],"tags":[],"class_list":["post-196359","post","type-post","status-publish","format-standard","has-post-thumbnail","hentry","category-quintana-roo","entry","has-media"],"jetpack_featured_media_url":"http:\/\/vertienteglobal.com\/wp-content\/uploads\/2022\/01\/Screenshot_20220109-135540_Chrome2.jpg","_links":{"self":[{"href":"http:\/\/vertienteglobal.com\/index.php?rest_route=\/wp\/v2\/posts\/196359","targetHints":{"allow":["GET"]}}],"collection":[{"href":"http:\/\/vertienteglobal.com\/index.php?rest_route=\/wp\/v2\/posts"}],"about":[{"href":"http:\/\/vertienteglobal.com\/index.php?rest_route=\/wp\/v2\/types\/post"}],"author":[{"embeddable":true,"href":"http:\/\/vertienteglobal.com\/index.php?rest_route=\/wp\/v2\/users\/1"}],"replies":[{"embeddable":true,"href":"http:\/\/vertienteglobal.com\/index.php?rest_route=%2Fwp%2Fv2%2Fcomments&post=196359"}],"version-history":[{"count":0,"href":"http:\/\/vertienteglobal.com\/index.php?rest_route=\/wp\/v2\/posts\/196359\/revisions"}],"wp:featuredmedia":[{"embeddable":true,"href":"http:\/\/vertienteglobal.com\/index.php?rest_route=\/wp\/v2\/media\/196360"}],"wp:attachment":[{"href":"http:\/\/vertienteglobal.com\/index.php?rest_route=%2Fwp%2Fv2%2Fmedia&parent=196359"}],"wp:term":[{"taxonomy":"category","embeddable":true,"href":"http:\/\/vertienteglobal.com\/index.php?rest_route=%2Fwp%2Fv2%2Fcategories&post=196359"},{"taxonomy":"post_tag","embeddable":true,"href":"http:\/\/vertienteglobal.com\/index.php?rest_route=%2Fwp%2Fv2%2Ftags&post=196359"}],"curies":[{"name":"wp","href":"https:\/\/api.w.org\/{rel}","templated":true}]}}