{"id":196287,"date":"2022-01-07T07:55:00","date_gmt":"2022-01-07T13:55:00","guid":{"rendered":"http:\/\/vertienteglobal.com\/?p=196287"},"modified":"2022-01-07T10:58:01","modified_gmt":"2022-01-07T16:58:01","slug":"red-social-de-trump-comenzara-el-proximo-21-de-febrero","status":"publish","type":"post","link":"http:\/\/vertienteglobal.com\/?p=196287","title":{"rendered":"Red social de Trump comenzar\u00e1 el pr\u00f3ximo 21 de febrero"},"content":{"rendered":"\n<div class=\"twitterbutton\" style=\"float: right; padding-left: 5px;\"><a href=\"http:\/\/twitter.com\/share\" class=\"twitter-share-button\" data-count=\"horizontal\" data-text=\"Red social de Trump comenzar\u00e1 el pr\u00f3ximo 21 de febrero\" data-via=\"https:\/\/twitter.com\/VertienteGloba1\" data-url=\"http:\/\/vertienteglobal.com\/?p=196287\" data-lang=\"es\" data-related=\"Informaci\u00f3n general:S\u00edguenos para que est\u00e9ss informado\"><\/a><\/div>\n<figure class=\"wp-block-image size-large\"><img loading=\"lazy\" decoding=\"async\" width=\"1024\" height=\"683\" src=\"http:\/\/vertienteglobal.com\/wp-content\/uploads\/2022\/01\/165711.jpg\" alt=\"\" class=\"wp-image-196288\" srcset=\"http:\/\/vertienteglobal.com\/wp-content\/uploads\/2022\/01\/165711.jpg 1024w, http:\/\/vertienteglobal.com\/wp-content\/uploads\/2022\/01\/165711-300x200.jpg 300w, http:\/\/vertienteglobal.com\/wp-content\/uploads\/2022\/01\/165711-150x100.jpg 150w, http:\/\/vertienteglobal.com\/wp-content\/uploads\/2022\/01\/165711-768x512.jpg 768w\" sizes=\"auto, (max-width: 1024px) 100vw, 1024px\" \/><\/figure>\n\n\n\n<p>(Redacci\u00f3n)<\/p>\n\n\n\n<p>La futura plataforma ha sido presentada por el expresidente como una alternativa a Facebook, Twitter y YouTube, de las que ha sido excluido por haber incitado a sus partidarios a la violencia antes del asalto al Capitolio, el 6 de enero de 2021<\/p>\n\n\n\n<p>Ciudad de M\u00e9xico a 07 de enero de 2022.-El lanzamiento de la red social del expresidente estadounidense Donald Trump est\u00e1 previsto para el 21 de febrero con su presencia en la tienda de aplicaciones de Apple, la App Store.<\/p>\n\n\n\n<p>El Trump Media &amp; Technology Group (TMTG), la casa matriz de &#8216;Truth Social&#8217;, el nombre de la red social, no respondi\u00f3 a una solicitud de confirmaci\u00f3n hecha por la AFP.<\/p>\n\n\n\n<p>La futura plataforma ha sido presentada por el expresidente como una alternativa a Facebook, Twitter y YouTube, de las que ha sido excluido por haber incitado a sus partidarios a la violencia antes del asalto al Capitolio, el 6 de enero de 2021.<\/p>\n\n\n\n<p>TMTG se ali\u00f3 a Digital World Acquisition Corp, que ya cotizaba en Bolsa, para captar 293 millones de d\u00f3lares en septiembre en Wall Street. Los dos grupos anunciaron a principios de diciembre que hab\u00edan obtenido otro compromiso de unos mil millones de d\u00f3lares.<\/p>\n\n\n\n<p>En total, si se deducen los gastos de la transacci\u00f3n, TMTG dispone de unos mil 250 millones de d\u00f3lares para lanzarse a la conquista de sus competidores en el mercado, ya muy saturado, de las redes sociales muy apreciadas por los ultraconservadores.<\/p>\n\n\n\n<p>Gettr, lanzada a principios de julio por el exconsejero de Donald Trump Jason Miller, as\u00ed como Parler y Gab se han posicionado ante los simpatizantes del antiguo presidente como garantes de la libertad de expresi\u00f3n, escapando a la censura de las redes sociales del gran p\u00fablico.(Fuente:Infobae)<\/p>\n","protected":false},"excerpt":{"rendered":"<p>(Redacci\u00f3n) La futura plataforma ha sido presentada por el expresidente como una alternativa a Facebook, Twitter y YouTube, de las que ha sido excluido por haber incitado a sus partidarios a la violencia antes del asalto al Capitolio, el 6 de enero de 2021 Ciudad de M\u00e9xico a 07 de enero de 2022.-El lanzamiento de [&hellip;]<\/p>\n","protected":false},"author":1,"featured_media":196288,"comment_status":"open","ping_status":"open","sticky":false,"template":"","format":"standard","meta":{"footnotes":""},"categories":[8],"tags":[],"class_list":["post-196287","post","type-post","status-publish","format-standard","has-post-thumbnail","hentry","category-pais","entry","has-media"],"jetpack_featured_media_url":"http:\/\/vertienteglobal.com\/wp-content\/uploads\/2022\/01\/165711.jpg","_links":{"self":[{"href":"http:\/\/vertienteglobal.com\/index.php?rest_route=\/wp\/v2\/posts\/196287","targetHints":{"allow":["GET"]}}],"collection":[{"href":"http:\/\/vertienteglobal.com\/index.php?rest_route=\/wp\/v2\/posts"}],"about":[{"href":"http:\/\/vertienteglobal.com\/index.php?rest_route=\/wp\/v2\/types\/post"}],"author":[{"embeddable":true,"href":"http:\/\/vertienteglobal.com\/index.php?rest_route=\/wp\/v2\/users\/1"}],"replies":[{"embeddable":true,"href":"http:\/\/vertienteglobal.com\/index.php?rest_route=%2Fwp%2Fv2%2Fcomments&post=196287"}],"version-history":[{"count":0,"href":"http:\/\/vertienteglobal.com\/index.php?rest_route=\/wp\/v2\/posts\/196287\/revisions"}],"wp:featuredmedia":[{"embeddable":true,"href":"http:\/\/vertienteglobal.com\/index.php?rest_route=\/wp\/v2\/media\/196288"}],"wp:attachment":[{"href":"http:\/\/vertienteglobal.com\/index.php?rest_route=%2Fwp%2Fv2%2Fmedia&parent=196287"}],"wp:term":[{"taxonomy":"category","embeddable":true,"href":"http:\/\/vertienteglobal.com\/index.php?rest_route=%2Fwp%2Fv2%2Fcategories&post=196287"},{"taxonomy":"post_tag","embeddable":true,"href":"http:\/\/vertienteglobal.com\/index.php?rest_route=%2Fwp%2Fv2%2Ftags&post=196287"}],"curies":[{"name":"wp","href":"https:\/\/api.w.org\/{rel}","templated":true}]}}