{"id":196213,"date":"2022-01-06T10:44:00","date_gmt":"2022-01-06T16:44:00","guid":{"rendered":"http:\/\/vertienteglobal.com\/?p=196213"},"modified":"2022-01-06T11:48:10","modified_gmt":"2022-01-06T17:48:10","slug":"tiktok-awards-premiara-a-lo-mejor-de-la-plataforma","status":"publish","type":"post","link":"http:\/\/vertienteglobal.com\/?p=196213","title":{"rendered":"TikTok Awards premiar\u00e1 a lo mejor de la plataforma"},"content":{"rendered":"\n<div class=\"twitterbutton\" style=\"float: right; padding-left: 5px;\"><a href=\"http:\/\/twitter.com\/share\" class=\"twitter-share-button\" data-count=\"horizontal\" data-text=\"TikTok Awards premiar\u00e1 a lo mejor de la plataforma\" data-via=\"https:\/\/twitter.com\/VertienteGloba1\" data-url=\"http:\/\/vertienteglobal.com\/?p=196213\" data-lang=\"es\" data-related=\"Informaci\u00f3n general:S\u00edguenos para que est\u00e9ss informado\"><\/a><\/div>\n<figure class=\"wp-block-image size-large\"><img loading=\"lazy\" decoding=\"async\" width=\"1024\" height=\"682\" src=\"http:\/\/vertienteglobal.com\/wp-content\/uploads\/2022\/01\/165667.jpg\" alt=\"\" class=\"wp-image-196214\" srcset=\"http:\/\/vertienteglobal.com\/wp-content\/uploads\/2022\/01\/165667.jpg 1024w, http:\/\/vertienteglobal.com\/wp-content\/uploads\/2022\/01\/165667-300x200.jpg 300w, http:\/\/vertienteglobal.com\/wp-content\/uploads\/2022\/01\/165667-150x100.jpg 150w, http:\/\/vertienteglobal.com\/wp-content\/uploads\/2022\/01\/165667-768x512.jpg 768w\" sizes=\"auto, (max-width: 1024px) 100vw, 1024px\" \/><\/figure>\n\n\n\n<p>(Redacci\u00f3n)<\/p>\n\n\n\n<p>Para votar en los TikTok Awards hay que ingresar del 3 al 11 de enero en una secci\u00f3n de la app donde est\u00e1n desglosados los nominados<\/p>\n\n\n\n<p>Ciudad de M\u00e9xico a 06 de enero de 2022.-Este a\u00f1o se realizar\u00e1n los TikTok Awards, primera entrega de premios de la plataforma para celebrar la creatividad en Latinoam\u00e9rica, donde gran parte de los nominados son mexicanos.<\/p>\n\n\n\n<p>Se premiar\u00e1 a lo mejor de la plataforma en 18 categor\u00edas: entretenimiento, sabor, conocimiento, maquillaje, gaming, gamer en l\u00ednea, atleta favorito, deporte, fitness, artista emergente, artista en Tik Tok, tendencia musical, celebrity del a\u00f1o, fav de favs 2021, comedia, moda, fav del hack y fav del live.<\/p>\n\n\n\n<p>Para votar en los TikTok Awards hay que ingresar del 3 al 11 de enero en una secci\u00f3n de la app donde est\u00e1n desglosados los nominados.<\/p>\n\n\n\n<p>La premiaci\u00f3n ser\u00e1 el pr\u00f3ximo 13 de enero a las 20:00 horas (tiempo Ciudad de M\u00e9xico) y podr\u00e1s seguirla a trav\u00e9s de la cuenta oficial de la red social en Latinoam\u00e9rica @tiktok_espa\u00f1ol.<\/p>\n\n\n\n<p>Estos son los nominados:<\/p>\n\n\n\n<p>Fav del Entretenimiento<\/p>\n\n\n\n<p>@soydamiancervantes<br>@ luisvelody<br>@ibarrechejavier<br>@ sebi_manzoni<br>@ javiponzo<br>Fav del Sabor<\/p>\n\n\n\n<p>@decorandopasteles<br>@elblogdelgordo<br>@ juanessanchezp<br>@fredebrochito<br>@robegrill<br>Fav del Conocimiento<\/p>\n\n\n\n<p>@jeffrey.navarro<br>@psicologatiktokera<br>@bio_makers1<br>@historiaparatontos<br>@mikephy<br>Fav del Maquillaje<\/p>\n\n\n\n<p>@loricuasoy<br>@arriagalonso<br>@dorisjocelyn<br>@sandrallosa<br>@sarai.paniagua<br>Fav del Gaming<\/p>\n\n\n\n<p>@otrafernadamas<br>@el.pollofrito<br>@corvii_ff<br>@memounstro<br>@soythalas<br>Artista Fav Emergente<\/p>\n\n\n\n<p>@yamisafdie<br>@juliansappietro<br>@bruses_<br>@humbe<br>@leonleiden<br>Atleta Fav<\/p>\n\n\n\n<p>@dafnenavarrol<br>@rommel_pacheco<br>@fatibarone<br>@caragliomilton<br>@miguel_layun<br>Fav de la Moda<\/p>\n\n\n\n<p>@zameparra<br>@erikguzon<br>@valeaguima<br>@lailanysota<br>@priscyescoto<br>Fav de la Comedia<\/p>\n\n\n\n<p>@sarumaoficial<br>@leonelfransezze<br>@marioaguilar<br>@pacodemiguel<br>@danielarodrice<br>Fav Gamer En L\u00ednea<\/p>\n\n\n\n<p>@ely.bells<br>@soykari<br>@malteada4<br>@angelo.gamer<br>@jossbeat<br>Fav del Hack<\/p>\n\n\n\n<p>@pongamoslo_a_prueba<br>@maritzaconamor<br>@majolis<br>@barbiebac.ok<br>@dannyalzatev<br>Fav del Live<\/p>\n\n\n\n<p>@saelmaldonado<br>@soyximerico<br>@terrorran<br>@whitebear_111<br>@kemacral<br>Artista Fav en TikTok<\/p>\n\n\n\n<p>@dannapaola<br>@sebastianyatra<br>@jbalvin<br>@camilo<br>@karolg<br>Fav del Deporte<\/p>\n\n\n\n<p>@mercedesroa<br>@guerreroskida<br>@catavegap<br>@juank_pp<br>@matadorpr15<br>Celebrity Fav del A\u00f1o<\/p>\n\n\n\n<p>@yordirosadoo<br>@ponchodenigris<br>@erikabuenfiloficial<br>@cvillaloboss<br>@ederbez<br>Fav del Fitness<\/p>\n\n\n\n<p>@alex_destreza<br>@agusprivii<br>@sofialarios_<br>@guerovalle<br>@leobarstarzz<br>Tendencia Musical Fav del a\u00f1o<\/p>\n\n\n\n<p>\u2018Todo De Ti\u2019 de Rauw Alejandro<br>\u2018Fiel\u2019 de Los Legendarios &amp; Wisin &amp; Jhay Cortez<\/p>\n\n\n\n<p>&#8216;Enganchados\u2019 de Nene Malo &#8211; Cumbia Mix<br>\u2018In Da Getto\u2019 de J. Balvin &amp; Skrillex<br>\u2018Ropa Cara\u2019 de Camilo<br>\u2018Pepas\u2019 de Farruko<br>\u2018Telepat\u00eda\u2019 de Kal\u00ed Uchis<br>Fav de Favs 2021<\/p>\n\n\n\n<p>@cainguzman<br>@elrodcontreras<br>@soybans<br>@darianrojasc<br>@domelipa<br>@aliizquierdo_<br>@.kunnoo(Fuente: EF\/tlam)<\/p>\n","protected":false},"excerpt":{"rendered":"<p>(Redacci\u00f3n) Para votar en los TikTok Awards hay que ingresar del 3 al 11 de enero en una secci\u00f3n de la app donde est\u00e1n desglosados los nominados Ciudad de M\u00e9xico a 06 de enero de 2022.-Este a\u00f1o se realizar\u00e1n los TikTok Awards, primera entrega de premios de la plataforma para celebrar la creatividad en Latinoam\u00e9rica, [&hellip;]<\/p>\n","protected":false},"author":1,"featured_media":196214,"comment_status":"open","ping_status":"open","sticky":false,"template":"","format":"standard","meta":{"footnotes":""},"categories":[10,8],"tags":[],"class_list":["post-196213","post","type-post","status-publish","format-standard","has-post-thumbnail","hentry","category-espectaculos","category-pais","entry","has-media"],"jetpack_featured_media_url":"http:\/\/vertienteglobal.com\/wp-content\/uploads\/2022\/01\/165667.jpg","_links":{"self":[{"href":"http:\/\/vertienteglobal.com\/index.php?rest_route=\/wp\/v2\/posts\/196213","targetHints":{"allow":["GET"]}}],"collection":[{"href":"http:\/\/vertienteglobal.com\/index.php?rest_route=\/wp\/v2\/posts"}],"about":[{"href":"http:\/\/vertienteglobal.com\/index.php?rest_route=\/wp\/v2\/types\/post"}],"author":[{"embeddable":true,"href":"http:\/\/vertienteglobal.com\/index.php?rest_route=\/wp\/v2\/users\/1"}],"replies":[{"embeddable":true,"href":"http:\/\/vertienteglobal.com\/index.php?rest_route=%2Fwp%2Fv2%2Fcomments&post=196213"}],"version-history":[{"count":0,"href":"http:\/\/vertienteglobal.com\/index.php?rest_route=\/wp\/v2\/posts\/196213\/revisions"}],"wp:featuredmedia":[{"embeddable":true,"href":"http:\/\/vertienteglobal.com\/index.php?rest_route=\/wp\/v2\/media\/196214"}],"wp:attachment":[{"href":"http:\/\/vertienteglobal.com\/index.php?rest_route=%2Fwp%2Fv2%2Fmedia&parent=196213"}],"wp:term":[{"taxonomy":"category","embeddable":true,"href":"http:\/\/vertienteglobal.com\/index.php?rest_route=%2Fwp%2Fv2%2Fcategories&post=196213"},{"taxonomy":"post_tag","embeddable":true,"href":"http:\/\/vertienteglobal.com\/index.php?rest_route=%2Fwp%2Fv2%2Ftags&post=196213"}],"curies":[{"name":"wp","href":"https:\/\/api.w.org\/{rel}","templated":true}]}}