{"id":196045,"date":"2022-01-04T10:51:00","date_gmt":"2022-01-04T16:51:00","guid":{"rendered":"http:\/\/vertienteglobal.com\/?p=196045"},"modified":"2022-01-04T12:08:53","modified_gmt":"2022-01-04T18:08:53","slug":"toma-protesta-nuevo-comandante-de-la-policia-militar-y-coordinador-de-la-guardia-nacional-en-quintana-roo","status":"publish","type":"post","link":"http:\/\/vertienteglobal.com\/?p=196045","title":{"rendered":"Toma protesta nuevo comandante de la Policia Militar y Coordinador de la Guardia Nacional en Quintana Roo"},"content":{"rendered":"\n<div class=\"twitterbutton\" style=\"float: right; padding-left: 5px;\"><a href=\"http:\/\/twitter.com\/share\" class=\"twitter-share-button\" data-count=\"horizontal\" data-text=\"Toma protesta nuevo comandante de la Policia Militar y Coordinador de la Guardia...\" data-via=\"https:\/\/twitter.com\/VertienteGloba1\" data-url=\"http:\/\/vertienteglobal.com\/?p=196045\" data-lang=\"es\" data-related=\"Informaci\u00f3n general:S\u00edguenos para que est\u00e9ss informado\"><\/a><\/div>\n<figure class=\"wp-block-image size-large\"><img loading=\"lazy\" decoding=\"async\" width=\"700\" height=\"394\" src=\"http:\/\/vertienteglobal.com\/wp-content\/uploads\/2022\/01\/General1-e1641313925608.jpeg\" alt=\"\" class=\"wp-image-196046\" srcset=\"http:\/\/vertienteglobal.com\/wp-content\/uploads\/2022\/01\/General1-e1641313925608.jpeg 700w, http:\/\/vertienteglobal.com\/wp-content\/uploads\/2022\/01\/General1-e1641313925608-300x169.jpeg 300w, http:\/\/vertienteglobal.com\/wp-content\/uploads\/2022\/01\/General1-e1641313925608-150x84.jpeg 150w\" sizes=\"auto, (max-width: 700px) 100vw, 700px\" \/><\/figure>\n\n\n\n<p>(Redacci\u00f3n)<\/p>\n\n\n\n<p>Gonz\u00e1lez Fern\u00e1ndez asumi\u00f3 el cargo desde el pasado primero de enero, pero fue hasta esta ma\u00f1ana que se realiz\u00f3 el acto protocolario<\/p>\n\n\n\n<p>Isla Mujeres, Quintana Roo a 04 de enero de 2022.-El General Brigadier Diplomado de Estado Mayor, Alberto Rom\u00e1n Gonz\u00e1lez Fern\u00e1ndez, tomo protesta como comandante de la d\u00e9cima Brigada de Polic\u00eda Militar y coordinador estatal de la Guardia Nacional.<\/p>\n\n\n\n<p>Y es que la ceremonia se realiz\u00f3 en las instalaciones de la Ciudad Militar, en la zona continental de Isla Mujeres, a la que acudi\u00f3 el fiscal general de Quintana Roo, \u00d3scar Montes de Oca Rosales, entre otras autoridades.<\/p>\n\n\n\n<p>Gonz\u00e1lez Fern\u00e1ndez asumi\u00f3 el cargo desde el pasado primero de enero, pero fue hasta esta ma\u00f1ana que se realiz\u00f3 el acto protocolario.<\/p>\n\n\n\n<p>Por lo que se dio lectura a la trayectoria curricular del nuevo comandante, quien naci\u00f3 el 11 de abril de 1970 en Tamaulipas e ingres\u00f3 al Heroico Colegio Militar el primero de septiembre de 1987, de donde egres\u00f3 como subteniente de Infanter\u00eda.<\/p>\n\n\n\n<p>Tambi\u00e9n se destac\u00f3 que tom\u00f3 un curso de mando y estado mayor general, es licenciado en Administraci\u00f3n Militar por la Escuela Superior de Guerra y tiene dos maestr\u00edas en Administraci\u00f3n P\u00fablica y en Administraci\u00f3n Militar para la Seguridad Interior y Defensa Nacional.<\/p>\n\n\n\n<p>Cabe destacar que Alberto Rom\u00e1n fue comandante en Puebla y desempe\u00f1\u00f3 otros cargos en Michoac\u00e1n, Colima, Aguascalientes y Yucat\u00e1n.<\/p>\n","protected":false},"excerpt":{"rendered":"<p>(Redacci\u00f3n) Gonz\u00e1lez Fern\u00e1ndez asumi\u00f3 el cargo desde el pasado primero de enero, pero fue hasta esta ma\u00f1ana que se realiz\u00f3 el acto protocolario Isla Mujeres, Quintana Roo a 04 de enero de 2022.-El General Brigadier Diplomado de Estado Mayor, Alberto Rom\u00e1n Gonz\u00e1lez Fern\u00e1ndez, tomo protesta como comandante de la d\u00e9cima Brigada de Polic\u00eda Militar y [&hellip;]<\/p>\n","protected":false},"author":1,"featured_media":196046,"comment_status":"open","ping_status":"open","sticky":false,"template":"","format":"standard","meta":{"footnotes":""},"categories":[3],"tags":[],"class_list":["post-196045","post","type-post","status-publish","format-standard","has-post-thumbnail","hentry","category-quintana-roo","entry","has-media"],"jetpack_featured_media_url":"http:\/\/vertienteglobal.com\/wp-content\/uploads\/2022\/01\/General1-e1641313925608.jpeg","_links":{"self":[{"href":"http:\/\/vertienteglobal.com\/index.php?rest_route=\/wp\/v2\/posts\/196045","targetHints":{"allow":["GET"]}}],"collection":[{"href":"http:\/\/vertienteglobal.com\/index.php?rest_route=\/wp\/v2\/posts"}],"about":[{"href":"http:\/\/vertienteglobal.com\/index.php?rest_route=\/wp\/v2\/types\/post"}],"author":[{"embeddable":true,"href":"http:\/\/vertienteglobal.com\/index.php?rest_route=\/wp\/v2\/users\/1"}],"replies":[{"embeddable":true,"href":"http:\/\/vertienteglobal.com\/index.php?rest_route=%2Fwp%2Fv2%2Fcomments&post=196045"}],"version-history":[{"count":0,"href":"http:\/\/vertienteglobal.com\/index.php?rest_route=\/wp\/v2\/posts\/196045\/revisions"}],"wp:featuredmedia":[{"embeddable":true,"href":"http:\/\/vertienteglobal.com\/index.php?rest_route=\/wp\/v2\/media\/196046"}],"wp:attachment":[{"href":"http:\/\/vertienteglobal.com\/index.php?rest_route=%2Fwp%2Fv2%2Fmedia&parent=196045"}],"wp:term":[{"taxonomy":"category","embeddable":true,"href":"http:\/\/vertienteglobal.com\/index.php?rest_route=%2Fwp%2Fv2%2Fcategories&post=196045"},{"taxonomy":"post_tag","embeddable":true,"href":"http:\/\/vertienteglobal.com\/index.php?rest_route=%2Fwp%2Fv2%2Ftags&post=196045"}],"curies":[{"name":"wp","href":"https:\/\/api.w.org\/{rel}","templated":true}]}}