{"id":195951,"date":"2022-01-02T21:50:00","date_gmt":"2022-01-03T03:50:00","guid":{"rendered":"http:\/\/vertienteglobal.com\/?p=195951"},"modified":"2022-01-02T22:46:46","modified_gmt":"2022-01-03T04:46:46","slug":"reporta-proteccion-civil-afectaciones-en-13-municipios-de-veracruz-por-evento-norte","status":"publish","type":"post","link":"http:\/\/vertienteglobal.com\/?p=195951","title":{"rendered":"Reporta Protecci\u00f3n Civil afectaciones en 13 municipios de Veracruz por evento norte"},"content":{"rendered":"\n<div class=\"twitterbutton\" style=\"float: right; padding-left: 5px;\"><a href=\"http:\/\/twitter.com\/share\" class=\"twitter-share-button\" data-count=\"horizontal\" data-text=\"Reporta Protecci\u00f3n Civil afectaciones en 13 municipios de Veracruz por evento n...\" data-via=\"https:\/\/twitter.com\/VertienteGloba1\" data-url=\"http:\/\/vertienteglobal.com\/?p=195951\" data-lang=\"es\" data-related=\"Informaci\u00f3n general:S\u00edguenos para que est\u00e9ss informado\"><\/a><\/div>\n<figure class=\"wp-block-image size-large\"><img loading=\"lazy\" decoding=\"async\" width=\"1024\" height=\"683\" src=\"http:\/\/vertienteglobal.com\/wp-content\/uploads\/2022\/01\/1194737.jpg\" alt=\"\" class=\"wp-image-195952\" srcset=\"http:\/\/vertienteglobal.com\/wp-content\/uploads\/2022\/01\/1194737.jpg 1024w, http:\/\/vertienteglobal.com\/wp-content\/uploads\/2022\/01\/1194737-300x200.jpg 300w, http:\/\/vertienteglobal.com\/wp-content\/uploads\/2022\/01\/1194737-150x100.jpg 150w, http:\/\/vertienteglobal.com\/wp-content\/uploads\/2022\/01\/1194737-768x512.jpg 768w\" sizes=\"auto, (max-width: 1024px) 100vw, 1024px\" \/><\/figure>\n\n\n\n<p>(Redacci\u00f3n)<\/p>\n\n\n\n<p>Tihuatl\u00e1n se reportan 2 personas lesionadas por la ca\u00edda de una rama en una vivienda<\/p>\n\n\n\n<p>Xalapa, Veracruz a 02 de enero de 2022.-Al corte de las 21:00 hrs, 13 municipios reportan alguna afectaci\u00f3n, la mayor\u00eda por ca\u00edda de \u00e1rboles. En el municipio de Tihuatl\u00e1n se reportan 2 personas lesionadas por la ca\u00edda de una rama en una vivienda.<\/p>\n\n\n\n<p>Veracruz > Reporta la ca\u00edda de ventanas de cristal de la Torre Centro, ubicada en Arista y Xicot\u00e9ncatl, por lo que fue acordonada y se realiza la inspecci\u00f3n del \u00e1rea. Reportan adem\u00e1s la ca\u00edda de 2 postes de energ\u00eda el\u00e9ctrica en Raz y Guzm\u00e1n esquina Calle del Sol, frente al Instituto Tecnol\u00f3gico de Veracruz, afectando el servicio de energ\u00eda el\u00e9ctrica.<\/p>\n\n\n\n<p>Xalapa > Reporta la ca\u00edda de 18 \u00e1rboles, incluyendo la ca\u00edda de uno ubicado frente al Congreso del Estado en la Av. Encanto, que ya ha sido atendido por el municipio.<\/p>\n\n\n\n<p>Coatepec > Reporta el destechamiento de una vivienda en la localidad Puente Seco, as\u00ed como la ca\u00edda de 5 \u00e1rboles.<\/p>\n\n\n\n<p>Tihuatl\u00e1n > Reporta la ca\u00edda de un \u00e1rbol y una vivienda afectada por la ca\u00edda de una rama, lesionando a 2 personas por la ca\u00edda de l\u00e1minas.<\/p>\n\n\n\n<p>Ozuluama de Mascare\u00f1as > Reporta la ca\u00edda de un domo en la galera de la escuela de San Gregorio.<\/p>\n\n\n\n<p>Cerro Azul > Reporta la ca\u00edda de un domo en los terrenos de la Feria.<\/p>\n\n\n\n<p>Tamal\u00edn > Reporta la ca\u00edda de un domo del sal\u00f3n de usos m\u00faltiples de la Comunidad Ejido Rinc\u00f3n.<\/p>\n\n\n\n<p>Banderilla > Reporta la ca\u00edda de una barda en la calle Cuauht\u00e9moc de la Col. Centro.<\/p>\n\n\n\n<p>En La Antigua, Emiliano Zapata, Guti\u00e9rrez Zamora, Naranjos Amatl\u00e1n y Pueblo Viejo reportan ca\u00edda de \u00e1rboles en varios puntos de sus territorios.<\/p>\n","protected":false},"excerpt":{"rendered":"<p>(Redacci\u00f3n) Tihuatl\u00e1n se reportan 2 personas lesionadas por la ca\u00edda de una rama en una vivienda Xalapa, Veracruz a 02 de enero de 2022.-Al corte de las 21:00 hrs, 13 municipios reportan alguna afectaci\u00f3n, la mayor\u00eda por ca\u00edda de \u00e1rboles. En el municipio de Tihuatl\u00e1n se reportan 2 personas lesionadas por la ca\u00edda de una [&hellip;]<\/p>\n","protected":false},"author":1,"featured_media":195952,"comment_status":"open","ping_status":"open","sticky":false,"template":"","format":"standard","meta":{"footnotes":""},"categories":[7],"tags":[],"class_list":["post-195951","post","type-post","status-publish","format-standard","has-post-thumbnail","hentry","category-veracruz","entry","has-media"],"jetpack_featured_media_url":"http:\/\/vertienteglobal.com\/wp-content\/uploads\/2022\/01\/1194737.jpg","_links":{"self":[{"href":"http:\/\/vertienteglobal.com\/index.php?rest_route=\/wp\/v2\/posts\/195951","targetHints":{"allow":["GET"]}}],"collection":[{"href":"http:\/\/vertienteglobal.com\/index.php?rest_route=\/wp\/v2\/posts"}],"about":[{"href":"http:\/\/vertienteglobal.com\/index.php?rest_route=\/wp\/v2\/types\/post"}],"author":[{"embeddable":true,"href":"http:\/\/vertienteglobal.com\/index.php?rest_route=\/wp\/v2\/users\/1"}],"replies":[{"embeddable":true,"href":"http:\/\/vertienteglobal.com\/index.php?rest_route=%2Fwp%2Fv2%2Fcomments&post=195951"}],"version-history":[{"count":0,"href":"http:\/\/vertienteglobal.com\/index.php?rest_route=\/wp\/v2\/posts\/195951\/revisions"}],"wp:featuredmedia":[{"embeddable":true,"href":"http:\/\/vertienteglobal.com\/index.php?rest_route=\/wp\/v2\/media\/195952"}],"wp:attachment":[{"href":"http:\/\/vertienteglobal.com\/index.php?rest_route=%2Fwp%2Fv2%2Fmedia&parent=195951"}],"wp:term":[{"taxonomy":"category","embeddable":true,"href":"http:\/\/vertienteglobal.com\/index.php?rest_route=%2Fwp%2Fv2%2Fcategories&post=195951"},{"taxonomy":"post_tag","embeddable":true,"href":"http:\/\/vertienteglobal.com\/index.php?rest_route=%2Fwp%2Fv2%2Ftags&post=195951"}],"curies":[{"name":"wp","href":"https:\/\/api.w.org\/{rel}","templated":true}]}}