{"id":195948,"date":"2022-01-02T22:24:00","date_gmt":"2022-01-03T04:24:00","guid":{"rendered":"http:\/\/vertienteglobal.com\/?p=195948"},"modified":"2022-01-02T22:41:20","modified_gmt":"2022-01-03T04:41:20","slug":"estos-seran-los-dias-festivos-puentes-y-periodos-vacacionales-en-2022","status":"publish","type":"post","link":"http:\/\/vertienteglobal.com\/?p=195948","title":{"rendered":"Estos ser\u00e1n los d\u00edas festivos, &#8216;puentes&#8217; y periodos vacacionales en 2022"},"content":{"rendered":"\n<div class=\"twitterbutton\" style=\"float: right; padding-left: 5px;\"><a href=\"http:\/\/twitter.com\/share\" class=\"twitter-share-button\" data-count=\"horizontal\" data-text=\"Estos ser\u00e1n los d\u00edas festivos, &#8216;puentes&#8217; y periodos vacacionales e...\" data-via=\"https:\/\/twitter.com\/VertienteGloba1\" data-url=\"http:\/\/vertienteglobal.com\/?p=195948\" data-lang=\"es\" data-related=\"Informaci\u00f3n general:S\u00edguenos para que est\u00e9ss informado\"><\/a><\/div>\n<figure class=\"wp-block-image size-large\"><img loading=\"lazy\" decoding=\"async\" width=\"1024\" height=\"683\" src=\"http:\/\/vertienteglobal.com\/wp-content\/uploads\/2022\/01\/1194422.jpg\" alt=\"\" class=\"wp-image-195949\" srcset=\"http:\/\/vertienteglobal.com\/wp-content\/uploads\/2022\/01\/1194422.jpg 1024w, http:\/\/vertienteglobal.com\/wp-content\/uploads\/2022\/01\/1194422-300x200.jpg 300w, http:\/\/vertienteglobal.com\/wp-content\/uploads\/2022\/01\/1194422-150x100.jpg 150w, http:\/\/vertienteglobal.com\/wp-content\/uploads\/2022\/01\/1194422-768x512.jpg 768w\" sizes=\"auto, (max-width: 1024px) 100vw, 1024px\" \/><\/figure>\n\n\n\n<p>(Redacci\u00f3n)<\/p>\n\n\n\n<p>Los no oficiales son los que no est\u00e1n reconocidos por la ley porque representan alguna fiesta tradicional o religiosa y es decisi\u00f3n de los empleadores si permiten que los trabajadores falten esos d\u00edas<\/p>\n\n\n\n<p>Ciudad de M\u00e9xico a 02 de enero de 2022.-De acuerdo con el calendario escolar de la Secretar\u00eda de Educaci\u00f3n P\u00fablica (SEP), las vacaciones y d\u00edas festivos obligatorios establecidos por la Ley Federal del Trabajo (LFT) para 2022 ser\u00e1n los siguientes:<\/p>\n\n\n\n<p>Oficiales:<\/p>\n\n\n\n<p>1 de enero. A\u00f1o Nuevo<br>5 de febrero. D\u00eda de la Constituci\u00f3n (el d\u00eda de descanso ser\u00e1 el 7 de febrero y habr\u00e1 puente de fin de semana)<br>21 de marzo. Natalicio de Benito Ju\u00e1rez (puente por fin de semana)<br>1 de mayo. D\u00eda del Trabajo<br>16 de septiembre. D\u00eda de la Independencia (puente por fin de semana)<br>20 de noviembre. Aniversario de la Revoluci\u00f3n Mexicana (el d\u00eda de descanso ser\u00e1 el 14 de noviembre y habr\u00e1 puente por fin de semana)<br>25 de diciembre. Navidad<br>Mientras que los no oficiales son:<\/p>\n\n\n\n<p>14 de abril. Jueves Santo<br>15 de abril. Viernes Santo<br>5 de mayo. Batalla de Puebla<br>12 de octubre. D\u00eda de la Raza<br>12 de diciembre. D\u00eda de la Virgen de Guadalupe<br>La diferencia entre los d\u00edas oficiales y los no oficiales es que, en los primeros, el trabajador puede celebrar libremente las festividades c\u00edvicas o religiosas que se conmemoren y en 2022 hay siete d\u00edas.<\/p>\n\n\n\n<p>Los no oficiales son los que no est\u00e1n reconocidos por la ley porque representan alguna fiesta tradicional o religiosa y es decisi\u00f3n de los empleadores si permiten que los trabajadores falten esos d\u00edas.<\/p>\n\n\n\n<p>De acuerdo con el art\u00edculo 75 de la LFT, los d\u00edas feriados oficiales se deben pagar doble a los trabajadores que presten sus servicios esos d\u00edas, e incluso el 25 de diciembre, se debe pagar el triple por laborar m\u00e1s la prima dominical de 25 por ciento de su sueldo o salario.<\/p>\n\n\n\n<p>Vacaciones:<\/p>\n\n\n\n<p>Para los estudiantes del nivel b\u00e1sico o medio superior, las vacaciones de invierno iniciaron del 20 al 31 de diciembre de 2021. Regresar\u00e1n a clases el 3 de enero de 2022 y el 6 de enero tendr\u00e1n un d\u00eda libre, por el D\u00eda de Reyes.<\/p>\n\n\n\n<p>La Semana Santa tendr\u00e1n suspensi\u00f3n de labores del 11 al 22 de abril.<\/p>\n\n\n\n<p>El 15 de mayo no habr\u00e1 clases por el D\u00eda del Maestro y el fin del ciclo escolar est\u00e1 programado para el 28 de julio de 2022.<\/p>\n\n\n\n<p>Feriados escolares:<\/p>\n\n\n\n<p>1 de enero (por A\u00f1o Nuevo)<br>28 de enero. Consejo T\u00e9cnico Escolar<br>7 de febrero (por el 5 de febrero)<br>25 de febrero. Consejo T\u00e9cnico Escolar<br>21 de marzo. Natalicio de Benito Ju\u00e1rez<br>18 de marzo. Descarga administrativa<br>25 de marzo. Consejo T\u00e9cnico Escolar<br>Del 11 al 22 de abril. Vacaciones de Semana Santa<br>29 de abril. Consejo T\u00e9cnico Escolar<br>5 de mayo. La Batalla de Puebla<br>27 de mayo. Consejo T\u00e9cnico Escolar<br>17 de junio. Descarga administrativa<br>24 de junio. Consejo T\u00e9cnico Escolar<br>28 de julio. Fin del ciclo escolar<\/p>\n","protected":false},"excerpt":{"rendered":"<p>(Redacci\u00f3n) Los no oficiales son los que no est\u00e1n reconocidos por la ley porque representan alguna fiesta tradicional o religiosa y es decisi\u00f3n de los empleadores si permiten que los trabajadores falten esos d\u00edas Ciudad de M\u00e9xico a 02 de enero de 2022.-De acuerdo con el calendario escolar de la Secretar\u00eda de Educaci\u00f3n P\u00fablica (SEP), [&hellip;]<\/p>\n","protected":false},"author":1,"featured_media":195949,"comment_status":"open","ping_status":"open","sticky":false,"template":"","format":"standard","meta":{"footnotes":""},"categories":[9,8],"tags":[],"class_list":["post-195948","post","type-post","status-publish","format-standard","has-post-thumbnail","hentry","category-educacion","category-pais","entry","has-media"],"jetpack_featured_media_url":"http:\/\/vertienteglobal.com\/wp-content\/uploads\/2022\/01\/1194422.jpg","_links":{"self":[{"href":"http:\/\/vertienteglobal.com\/index.php?rest_route=\/wp\/v2\/posts\/195948","targetHints":{"allow":["GET"]}}],"collection":[{"href":"http:\/\/vertienteglobal.com\/index.php?rest_route=\/wp\/v2\/posts"}],"about":[{"href":"http:\/\/vertienteglobal.com\/index.php?rest_route=\/wp\/v2\/types\/post"}],"author":[{"embeddable":true,"href":"http:\/\/vertienteglobal.com\/index.php?rest_route=\/wp\/v2\/users\/1"}],"replies":[{"embeddable":true,"href":"http:\/\/vertienteglobal.com\/index.php?rest_route=%2Fwp%2Fv2%2Fcomments&post=195948"}],"version-history":[{"count":0,"href":"http:\/\/vertienteglobal.com\/index.php?rest_route=\/wp\/v2\/posts\/195948\/revisions"}],"wp:featuredmedia":[{"embeddable":true,"href":"http:\/\/vertienteglobal.com\/index.php?rest_route=\/wp\/v2\/media\/195949"}],"wp:attachment":[{"href":"http:\/\/vertienteglobal.com\/index.php?rest_route=%2Fwp%2Fv2%2Fmedia&parent=195948"}],"wp:term":[{"taxonomy":"category","embeddable":true,"href":"http:\/\/vertienteglobal.com\/index.php?rest_route=%2Fwp%2Fv2%2Fcategories&post=195948"},{"taxonomy":"post_tag","embeddable":true,"href":"http:\/\/vertienteglobal.com\/index.php?rest_route=%2Fwp%2Fv2%2Ftags&post=195948"}],"curies":[{"name":"wp","href":"https:\/\/api.w.org\/{rel}","templated":true}]}}