{"id":195904,"date":"2022-01-02T15:50:32","date_gmt":"2022-01-02T21:50:32","guid":{"rendered":"http:\/\/vertienteglobal.com\/?p=195904"},"modified":"2022-01-02T15:50:32","modified_gmt":"2022-01-02T21:50:32","slug":"que-nos-depara-el-2022-esto-dice-la-numerologia","status":"publish","type":"post","link":"http:\/\/vertienteglobal.com\/?p=195904","title":{"rendered":"\u00bfQu\u00e9 nos depara el 2022? Esto dice la numerolog\u00eda"},"content":{"rendered":"\n<div class=\"twitterbutton\" style=\"float: right; padding-left: 5px;\"><a href=\"http:\/\/twitter.com\/share\" class=\"twitter-share-button\" data-count=\"horizontal\" data-text=\"\u00bfQu\u00e9 nos depara el 2022? Esto dice la numerolog\u00eda\" data-via=\"https:\/\/twitter.com\/VertienteGloba1\" data-url=\"http:\/\/vertienteglobal.com\/?p=195904\" data-lang=\"es\" data-related=\"Informaci\u00f3n general:S\u00edguenos para que est\u00e9ss informado\"><\/a><\/div>\n<figure class=\"wp-block-image size-large\"><img loading=\"lazy\" decoding=\"async\" width=\"1024\" height=\"683\" src=\"http:\/\/vertienteglobal.com\/wp-content\/uploads\/2022\/01\/1194666.jpg\" alt=\"\" class=\"wp-image-195905\" srcset=\"http:\/\/vertienteglobal.com\/wp-content\/uploads\/2022\/01\/1194666.jpg 1024w, http:\/\/vertienteglobal.com\/wp-content\/uploads\/2022\/01\/1194666-300x200.jpg 300w, http:\/\/vertienteglobal.com\/wp-content\/uploads\/2022\/01\/1194666-150x100.jpg 150w, http:\/\/vertienteglobal.com\/wp-content\/uploads\/2022\/01\/1194666-768x512.jpg 768w\" sizes=\"auto, (max-width: 1024px) 100vw, 1024px\" \/><\/figure>\n\n\n\n<p>(Redacci\u00f3n)<\/p>\n\n\n\n<p>La numer\u00f3loga profesional, Sandra Casta\u00f1eda, afirma que en ese nuevo ciclo hay una energ\u00eda diferente a lo que fue el 2020 y el 2021, a\u00f1os en los que se han registrado millones de contagios y muertos por el COVID-19<\/p>\n\n\n\n<p><br>Veracruz, Veracruz a 02 de enero de 2022.-Con el inicio del 2022 las personas tienen varias expectativas de lo que va a ocurrir a lo largo del a\u00f1o, en medio de la crisis sanitaria y econ\u00f3mica que ha azotado al mundo entero.<\/p>\n\n\n\n<p>La numer\u00f3loga profesional, Sandra Casta\u00f1eda, afirma que en ese nuevo ciclo hay una energ\u00eda diferente a lo que fue el 2020 y el 2021, a\u00f1os en los que se han registrado millones de contagios y muertos por el COVID-19.<\/p>\n\n\n\n<p>\u00abLa verdad es que nos tenemos que sentir satisfechos y agradecidos con la vida, porque esto que ocurri\u00f3, esta prueba a nivel planetario, quienes estamos hoy por hoy con vida, con salud, de verdad lo debemos de agradecer\u00bb.<\/p>\n\n\n\n<p>Subray\u00f3 que ante ese escenario ya no estamos para aportar el \u00abgranito de arena\u00bb sino una \u00abpepita de oro\u00bb, generar un camino de trascendencia no solo personal tiene que ser comunitario.<\/p>\n\n\n\n<p>En entrevista la experta explic\u00f3 que si sumamos dos, m\u00e1s dos, m\u00e1s dos (en relaci\u00f3n al 2022), da un a\u00f1o seis; por eso la frecuencia del a\u00f1o es apegada a ese n\u00famero.<\/p>\n\n\n\n<p>\u00abVa a ser un a\u00f1o muy interesante porque nos va a dar la oportunidad de trabajar procesos psicol\u00f3gicos, psiqui\u00e1tricos, una sanaci\u00f3n profunda del coraz\u00f3n, mental, an\u00edmica y emocional\u00bb.<\/p>\n\n\n\n<p>En muchas ocasiones la vida de las personas transcurre \u00abviendo por los dem\u00e1s\u00bb y as\u00ed mismos se ponen al final de las prioridades algo que ya no debe ocurrir para este a\u00f1o.<\/p>\n\n\n\n<p>\u00abTienes que priorizarte t\u00fa, rescatarte t\u00fa, amarte t\u00fa y ser ejemplo congruente de amor propio, entonces es un a\u00f1o muy bello porque la vida nos da la oportunidad de replantear un mejor presente y un mejor futuro pero empezando por nosotros mismos\u00bb.<\/p>\n\n\n\n<p>Adem\u00e1s, en la numerolog\u00eda la frecuencia seis habla de responsabilidad, lealtad, hogar y familia por lo que es necesario actuar con empat\u00eda ya que todo las decisiones impactan hacia el exterior.<\/p>\n\n\n\n<p>\u00abEste a\u00f1o es de consecuencias; tuvimos dos a\u00f1os de aprendizaje de lo que represent\u00f3 el ver por los dem\u00e1s, ser emp\u00e1tico con los dem\u00e1s, porque eso nos llevaba a un proceso mejor\u00bb.<\/p>\n\n\n\n<p>Ahora, \u00absi yo sigo en contra de los cambios, en contra de las reglas, de lo establecido y de los formatos de la vida habr\u00e1 consecuencias\u00bb y \u00abvoy a quedar caduco en mis procesos, caduco en mi negocio, caduco en mi forma de ser\u00bb.<\/p>\n","protected":false},"excerpt":{"rendered":"<p>(Redacci\u00f3n) La numer\u00f3loga profesional, Sandra Casta\u00f1eda, afirma que en ese nuevo ciclo hay una energ\u00eda diferente a lo que fue el 2020 y el 2021, a\u00f1os en los que se han registrado millones de contagios y muertos por el COVID-19 Veracruz, Veracruz a 02 de enero de 2022.-Con el inicio del 2022 las personas tienen [&hellip;]<\/p>\n","protected":false},"author":1,"featured_media":195905,"comment_status":"open","ping_status":"open","sticky":false,"template":"","format":"standard","meta":{"footnotes":""},"categories":[7],"tags":[],"class_list":["post-195904","post","type-post","status-publish","format-standard","has-post-thumbnail","hentry","category-veracruz","entry","has-media"],"jetpack_featured_media_url":"http:\/\/vertienteglobal.com\/wp-content\/uploads\/2022\/01\/1194666.jpg","_links":{"self":[{"href":"http:\/\/vertienteglobal.com\/index.php?rest_route=\/wp\/v2\/posts\/195904","targetHints":{"allow":["GET"]}}],"collection":[{"href":"http:\/\/vertienteglobal.com\/index.php?rest_route=\/wp\/v2\/posts"}],"about":[{"href":"http:\/\/vertienteglobal.com\/index.php?rest_route=\/wp\/v2\/types\/post"}],"author":[{"embeddable":true,"href":"http:\/\/vertienteglobal.com\/index.php?rest_route=\/wp\/v2\/users\/1"}],"replies":[{"embeddable":true,"href":"http:\/\/vertienteglobal.com\/index.php?rest_route=%2Fwp%2Fv2%2Fcomments&post=195904"}],"version-history":[{"count":0,"href":"http:\/\/vertienteglobal.com\/index.php?rest_route=\/wp\/v2\/posts\/195904\/revisions"}],"wp:featuredmedia":[{"embeddable":true,"href":"http:\/\/vertienteglobal.com\/index.php?rest_route=\/wp\/v2\/media\/195905"}],"wp:attachment":[{"href":"http:\/\/vertienteglobal.com\/index.php?rest_route=%2Fwp%2Fv2%2Fmedia&parent=195904"}],"wp:term":[{"taxonomy":"category","embeddable":true,"href":"http:\/\/vertienteglobal.com\/index.php?rest_route=%2Fwp%2Fv2%2Fcategories&post=195904"},{"taxonomy":"post_tag","embeddable":true,"href":"http:\/\/vertienteglobal.com\/index.php?rest_route=%2Fwp%2Fv2%2Ftags&post=195904"}],"curies":[{"name":"wp","href":"https:\/\/api.w.org\/{rel}","templated":true}]}}