{"id":195828,"date":"2021-12-31T13:19:00","date_gmt":"2021-12-31T19:19:00","guid":{"rendered":"http:\/\/vertienteglobal.com\/?p=195828"},"modified":"2021-12-31T20:03:12","modified_gmt":"2022-01-01T02:03:12","slug":"patricia-lobeira-rinde-protesta-como-alcaldesa-de-veracruz","status":"publish","type":"post","link":"http:\/\/vertienteglobal.com\/?p=195828","title":{"rendered":"Patricia Lobeira rinde protesta como alcaldesa de Veracruz"},"content":{"rendered":"\n<div class=\"twitterbutton\" style=\"float: right; padding-left: 5px;\"><a href=\"http:\/\/twitter.com\/share\" class=\"twitter-share-button\" data-count=\"horizontal\" data-text=\"Patricia Lobeira rinde protesta como alcaldesa de Veracruz\" data-via=\"https:\/\/twitter.com\/VertienteGloba1\" data-url=\"http:\/\/vertienteglobal.com\/?p=195828\" data-lang=\"es\" data-related=\"Informaci\u00f3n general:S\u00edguenos para que est\u00e9ss informado\"><\/a><\/div>\n<figure class=\"wp-block-image size-large\"><img loading=\"lazy\" decoding=\"async\" width=\"1024\" height=\"683\" src=\"http:\/\/vertienteglobal.com\/wp-content\/uploads\/2021\/12\/1194500.jpg\" alt=\"\" class=\"wp-image-195829\" srcset=\"http:\/\/vertienteglobal.com\/wp-content\/uploads\/2021\/12\/1194500.jpg 1024w, http:\/\/vertienteglobal.com\/wp-content\/uploads\/2021\/12\/1194500-300x200.jpg 300w, http:\/\/vertienteglobal.com\/wp-content\/uploads\/2021\/12\/1194500-150x100.jpg 150w, http:\/\/vertienteglobal.com\/wp-content\/uploads\/2021\/12\/1194500-768x512.jpg 768w\" sizes=\"auto, (max-width: 1024px) 100vw, 1024px\" \/><\/figure>\n\n\n\n<p>(Redacci\u00f3n)<\/p>\n\n\n\n<p>Anunci\u00f3 que desde el primer d\u00eda de su administraci\u00f3n solicitar\u00e1 una audiencia con el presidente, Andr\u00e9s Manuel L\u00f3pez Obrador, a fin de coordinar esfuerzos entre ambos gobiernos<\/p>\n\n\n\n<p>Veracruz, Veracruz a 31 de diciembre de 2021.-Este viernes 31 de diciembre, Patricia Lobeira rindi\u00f3 protesta como alcaldesa de la ciudad de Veracruz para el periodo 2022-2025.<\/p>\n\n\n\n<p>En la explanada de la Plaza de la Rep\u00fablica, prometi\u00f3 guardar y hacer guarda la Constituci\u00f3n Pol\u00edtica de los Estados Unidos Mexicanos.<\/p>\n\n\n\n<p>Minutos despu\u00e9s le tom\u00f3 la protesta al S\u00edndico \u00danico y a los 13 regidores; seis del Partido Acci\u00f3n Nacional (PAN); seis de Morena; y una del Partido Revolucionario Institucional (PRI).<\/p>\n\n\n\n<p>Tambi\u00e9n cit\u00f3 a la primera sesi\u00f3n de Cabildo para este s\u00e1bado 1 de enero a las 12:00 horas en el Palacio Municipal.<\/p>\n\n\n\n<p>M\u00e1s tarde emiti\u00f3 un mensaje en donde dijo que la disputa partidista queda a un lado y que gobernar\u00e1 para todos. Lament\u00f3 que el gobernador Cuitl\u00e1huac Garc\u00eda no haya acudido al evento al que fue invitado.<\/p>\n\n\n\n<p>Adem\u00e1s, anunci\u00f3 que desde el primer d\u00eda de su administraci\u00f3n solicitar\u00e1 una audiencia con el presidente, Andr\u00e9s Manuel L\u00f3pez Obrador, a fin de coordinar esfuerzos entre ambos gobiernos.<\/p>\n\n\n\n<p>A la ceremonia acudieron su esposo Miguel \u00c1ngel Yunes M\u00e1rquez y el alcalde saliente Fernando Yunes M\u00e1rquez.<\/p>\n\n\n\n<p>Estuvieron presentes el alcalde electo de Boca del R\u00edo, Juan Manuel de Unanue, diputados locales, legisladores federales, representantes del sector empresarial, y el obispo de la di\u00f3cesis de Veracruz, Carlos Brise\u00f1o Arch.(Fuente:XeuNoticas)<\/p>\n","protected":false},"excerpt":{"rendered":"<p>(Redacci\u00f3n) Anunci\u00f3 que desde el primer d\u00eda de su administraci\u00f3n solicitar\u00e1 una audiencia con el presidente, Andr\u00e9s Manuel L\u00f3pez Obrador, a fin de coordinar esfuerzos entre ambos gobiernos Veracruz, Veracruz a 31 de diciembre de 2021.-Este viernes 31 de diciembre, Patricia Lobeira rindi\u00f3 protesta como alcaldesa de la ciudad de Veracruz para el periodo 2022-2025. [&hellip;]<\/p>\n","protected":false},"author":1,"featured_media":195829,"comment_status":"open","ping_status":"open","sticky":false,"template":"","format":"standard","meta":{"footnotes":""},"categories":[7],"tags":[],"class_list":["post-195828","post","type-post","status-publish","format-standard","has-post-thumbnail","hentry","category-veracruz","entry","has-media"],"jetpack_featured_media_url":"http:\/\/vertienteglobal.com\/wp-content\/uploads\/2021\/12\/1194500.jpg","_links":{"self":[{"href":"http:\/\/vertienteglobal.com\/index.php?rest_route=\/wp\/v2\/posts\/195828","targetHints":{"allow":["GET"]}}],"collection":[{"href":"http:\/\/vertienteglobal.com\/index.php?rest_route=\/wp\/v2\/posts"}],"about":[{"href":"http:\/\/vertienteglobal.com\/index.php?rest_route=\/wp\/v2\/types\/post"}],"author":[{"embeddable":true,"href":"http:\/\/vertienteglobal.com\/index.php?rest_route=\/wp\/v2\/users\/1"}],"replies":[{"embeddable":true,"href":"http:\/\/vertienteglobal.com\/index.php?rest_route=%2Fwp%2Fv2%2Fcomments&post=195828"}],"version-history":[{"count":0,"href":"http:\/\/vertienteglobal.com\/index.php?rest_route=\/wp\/v2\/posts\/195828\/revisions"}],"wp:featuredmedia":[{"embeddable":true,"href":"http:\/\/vertienteglobal.com\/index.php?rest_route=\/wp\/v2\/media\/195829"}],"wp:attachment":[{"href":"http:\/\/vertienteglobal.com\/index.php?rest_route=%2Fwp%2Fv2%2Fmedia&parent=195828"}],"wp:term":[{"taxonomy":"category","embeddable":true,"href":"http:\/\/vertienteglobal.com\/index.php?rest_route=%2Fwp%2Fv2%2Fcategories&post=195828"},{"taxonomy":"post_tag","embeddable":true,"href":"http:\/\/vertienteglobal.com\/index.php?rest_route=%2Fwp%2Fv2%2Ftags&post=195828"}],"curies":[{"name":"wp","href":"https:\/\/api.w.org\/{rel}","templated":true}]}}