{"id":195641,"date":"2021-12-28T19:32:00","date_gmt":"2021-12-29T01:32:00","guid":{"rendered":"http:\/\/vertienteglobal.com\/?p=195641"},"modified":"2021-12-28T20:03:35","modified_gmt":"2021-12-29T02:03:35","slug":"quintana-roo-registra-una-ocupacion-hospitalaria-del-2-de-pacientes-con-covid-19","status":"publish","type":"post","link":"http:\/\/vertienteglobal.com\/?p=195641","title":{"rendered":"Quintana Roo registra una ocupaci\u00f3n hospitalaria del 2% de pacientes con Covid-19"},"content":{"rendered":"\n<div class=\"twitterbutton\" style=\"float: right; padding-left: 5px;\"><a href=\"http:\/\/twitter.com\/share\" class=\"twitter-share-button\" data-count=\"horizontal\" data-text=\"Quintana Roo registra una ocupaci\u00f3n hospitalaria del 2% de pacientes con Covid-...\" data-via=\"https:\/\/twitter.com\/VertienteGloba1\" data-url=\"http:\/\/vertienteglobal.com\/?p=195641\" data-lang=\"es\" data-related=\"Informaci\u00f3n general:S\u00edguenos para que est\u00e9ss informado\"><\/a><\/div>\n<figure class=\"wp-block-image size-large\"><img loading=\"lazy\" decoding=\"async\" width=\"1024\" height=\"682\" src=\"http:\/\/vertienteglobal.com\/wp-content\/uploads\/2021\/12\/pacientes3-1024x682.jpg\" alt=\"\" class=\"wp-image-195642\" srcset=\"http:\/\/vertienteglobal.com\/wp-content\/uploads\/2021\/12\/pacientes3-1024x682.jpg 1024w, http:\/\/vertienteglobal.com\/wp-content\/uploads\/2021\/12\/pacientes3-300x200.jpg 300w, http:\/\/vertienteglobal.com\/wp-content\/uploads\/2021\/12\/pacientes3-150x100.jpg 150w, http:\/\/vertienteglobal.com\/wp-content\/uploads\/2021\/12\/pacientes3-768x512.jpg 768w, http:\/\/vertienteglobal.com\/wp-content\/uploads\/2021\/12\/pacientes3.jpg 1280w\" sizes=\"auto, (max-width: 1024px) 100vw, 1024px\" \/><\/figure>\n\n\n\n<p>(Redacci\u00f3n)<\/p>\n\n\n\n<p>El municipio Benito Ju\u00e1rez ocupa el primer lugar con mayor n\u00famero de casos activos de Covid-19<\/p>\n\n\n\n<p>De acuerdo con el geoportal del Gobierno del Estado del 19 al 25 de diciembre<\/p>\n\n\n\n<p>Chetumal, Quintana Roo a 28 de diciembrede 2021.- Quintana Roo registra una ocupaci\u00f3n hospitalaria del 2% de pacientes con Covid-19, pese a ello el municipio de Benito Ju\u00e1rez ocupa el primero lugar en el ranking semanal de colonias con mayor n\u00famero de casos activos de Covid-19.<\/p>\n\n\n\n<p>De acuerdo con el geoportal del Gobierno del Estado el ranking de colonias con mayor n\u00famero de casos activos de Covid-19 registra que del 19 al 25 de diciembre pasado el municipio Benito Ju\u00e1rez tiene 4 colonias con el mayor de contagios, es decir la colonia Villas del Mar con 4 casos, Hacienda Real del Caribe 4, Regi\u00f3n 105-Tierra Maya 4 y Alfedo V. Bonfil con 3.<\/p>\n\n\n\n<p>Le sigue el municipio de Solidaridad con dos colonias El Ejidal y Gonzalo Guerrero con 3 casos respectivamente; la colonia centro de Jos\u00e9 Mar\u00eda Morelos con 4; el asentamiento 20 de Noviembre de Oth\u00f3n P. Blanco con 3; la colonia centro de Kantunilk\u00edn municipio de L\u00e1zaro C\u00e1rdenas con 3 y la colonia El Ca\u00f1otal de Isla Mujeres con 3.<\/p>\n\n\n\n<p>Al respecto al gobernador Carlos Joaqu\u00edn ha reiterado que el cuidado de la salud de las y los quintanarroenses, visitantes y turistas es prioridad a fin de tener una franca recuperaci\u00f3n econ\u00f3mica y recuperaci\u00f3n de empleos.<\/p>\n\n\n\n<p>Al mismo tiempo el jefe del Ejecutivo del Estatal ha sido enf\u00e1tico en el cuidado de la salud de quienes m\u00e1s queremos ante la nueva variante del Covid-19, \u00d3micron, que ha puesto de nuevo en extremo cuidado a la poblaci\u00f3n.<\/p>\n\n\n\n<p>De acuerdo con datos de los Servicios Estatales de Salud, la ocupaci\u00f3n hospitalaria es del 2% en promedio en el estado, no por ello hay que bajar la guardia, sino al contrario incrementar el uso correcto de cubrebocas, sana distancia, lavado frecuente de manos y principalmente tener los esquemas de vacunaci\u00f3n<\/p>\n\n\n\n<p>Hoy Quintana Roo registra baja ocupaci\u00f3n hospitalaria y se mantiene el color verde en el Sem\u00e1foro Epidemiol\u00f3gico Estatal del 27 de diciembre al 2 de enero del 2021, por ello se debe tener mayor cuidado con la aplicaci\u00f3n de los h\u00e1bitos, los protocolos y las medidas preventivas.<\/p>\n","protected":false},"excerpt":{"rendered":"<p>(Redacci\u00f3n) El municipio Benito Ju\u00e1rez ocupa el primer lugar con mayor n\u00famero de casos activos de Covid-19 De acuerdo con el geoportal del Gobierno del Estado del 19 al 25 de diciembre Chetumal, Quintana Roo a 28 de diciembrede 2021.- Quintana Roo registra una ocupaci\u00f3n hospitalaria del 2% de pacientes con Covid-19, pese a ello [&hellip;]<\/p>\n","protected":false},"author":1,"featured_media":195642,"comment_status":"open","ping_status":"open","sticky":false,"template":"","format":"standard","meta":{"footnotes":""},"categories":[3],"tags":[],"class_list":["post-195641","post","type-post","status-publish","format-standard","has-post-thumbnail","hentry","category-quintana-roo","entry","has-media"],"jetpack_featured_media_url":"http:\/\/vertienteglobal.com\/wp-content\/uploads\/2021\/12\/pacientes3.jpg","_links":{"self":[{"href":"http:\/\/vertienteglobal.com\/index.php?rest_route=\/wp\/v2\/posts\/195641","targetHints":{"allow":["GET"]}}],"collection":[{"href":"http:\/\/vertienteglobal.com\/index.php?rest_route=\/wp\/v2\/posts"}],"about":[{"href":"http:\/\/vertienteglobal.com\/index.php?rest_route=\/wp\/v2\/types\/post"}],"author":[{"embeddable":true,"href":"http:\/\/vertienteglobal.com\/index.php?rest_route=\/wp\/v2\/users\/1"}],"replies":[{"embeddable":true,"href":"http:\/\/vertienteglobal.com\/index.php?rest_route=%2Fwp%2Fv2%2Fcomments&post=195641"}],"version-history":[{"count":0,"href":"http:\/\/vertienteglobal.com\/index.php?rest_route=\/wp\/v2\/posts\/195641\/revisions"}],"wp:featuredmedia":[{"embeddable":true,"href":"http:\/\/vertienteglobal.com\/index.php?rest_route=\/wp\/v2\/media\/195642"}],"wp:attachment":[{"href":"http:\/\/vertienteglobal.com\/index.php?rest_route=%2Fwp%2Fv2%2Fmedia&parent=195641"}],"wp:term":[{"taxonomy":"category","embeddable":true,"href":"http:\/\/vertienteglobal.com\/index.php?rest_route=%2Fwp%2Fv2%2Fcategories&post=195641"},{"taxonomy":"post_tag","embeddable":true,"href":"http:\/\/vertienteglobal.com\/index.php?rest_route=%2Fwp%2Fv2%2Ftags&post=195641"}],"curies":[{"name":"wp","href":"https:\/\/api.w.org\/{rel}","templated":true}]}}