{"id":195615,"date":"2021-12-28T17:19:00","date_gmt":"2021-12-28T23:19:00","guid":{"rendered":"http:\/\/vertienteglobal.com\/?p=195615"},"modified":"2021-12-28T17:59:40","modified_gmt":"2021-12-28T23:59:40","slug":"aqui-nacio-la-tradicion-una-limosna-para-este-pobre-viejo","status":"publish","type":"post","link":"http:\/\/vertienteglobal.com\/?p=195615","title":{"rendered":"Aqui nacio la tradici\u00f3n: Una limosna para este pobre viejo"},"content":{"rendered":"\n<div class=\"twitterbutton\" style=\"float: right; padding-left: 5px;\"><a href=\"http:\/\/twitter.com\/share\" class=\"twitter-share-button\" data-count=\"horizontal\" data-text=\"Aqui nacio la tradici\u00f3n: Una limosna para este pobre viejo\" data-via=\"https:\/\/twitter.com\/VertienteGloba1\" data-url=\"http:\/\/vertienteglobal.com\/?p=195615\" data-lang=\"es\" data-related=\"Informaci\u00f3n general:S\u00edguenos para que est\u00e9ss informado\"><\/a><\/div>\n<figure class=\"wp-block-image size-large\"><img loading=\"lazy\" decoding=\"async\" width=\"1024\" height=\"683\" src=\"http:\/\/vertienteglobal.com\/wp-content\/uploads\/2021\/12\/1194051.jpg\" alt=\"\" class=\"wp-image-195616\" srcset=\"http:\/\/vertienteglobal.com\/wp-content\/uploads\/2021\/12\/1194051.jpg 1024w, http:\/\/vertienteglobal.com\/wp-content\/uploads\/2021\/12\/1194051-300x200.jpg 300w, http:\/\/vertienteglobal.com\/wp-content\/uploads\/2021\/12\/1194051-150x100.jpg 150w, http:\/\/vertienteglobal.com\/wp-content\/uploads\/2021\/12\/1194051-768x512.jpg 768w\" sizes=\"auto, (max-width: 1024px) 100vw, 1024px\" \/><\/figure>\n\n\n\n<p>(Redacci\u00f3n)<\/p>\n\n\n\n<p>Con m\u00e1s de 100 a\u00f1os la tradici\u00f3n se mantiene y se ha extendido a otras regiones del estado de Veracruz<\/p>\n\n\n\n<p>Veracruz, Veracruz a 28 de diciembre de 2021.-En 1875, en la ciudad de Veracruz, nace una tradici\u00f3n que ha trascendido hasta nuestros d\u00edas.<\/p>\n\n\n\n<p>La tradici\u00f3n de El viejo, tiene sus or\u00edgenes en el puerto de Veracruz, seg\u00fan el investigador Ricardo Ca\u00f1as Montalvo.<\/p>\n\n\n\n<p>\u201cLa tradici\u00f3n de El Viejo es muy arraigada aqu\u00ed en la ciudad de Veracruz, se dice por tradici\u00f3n oral que esto naci\u00f3n en el \u00faltimo tercio del siglo XIX con los trabajadores del antiguo muelle de Veracruz\u201d.<\/p>\n\n\n\n<p>Tras lo ocurrido, los trabajadores se molestaron y surgi\u00f3 un l\u00edder que con el grupo de obreros acudieron a las casas de los altos funcionarios de la Aduana para pedir aguinaldo.<\/p>\n\n\n\n<p>\u201cSurge entonces una figura de un l\u00edder en este sitio que al parecer se llamaba Manuel Bovril. Organiz\u00f3 a su grupo de compa\u00f1eros al parecer con latas, cencerros, sartenes y varios utensilios iban a las casas de los directivos de la aduana y hac\u00edan mucho ruido pedir una especie de aguinaldo\u201d.<\/p>\n\n\n\n<p>Pero a los directivos no les pareci\u00f3 la exigencia.<\/p>\n\n\n\n<p>\u201cBovril fue detenido y encarcelado, sus amigos lo que hicieron fue andar pidiendo dinero para sacarlo de la c\u00e1rcel y obtuvieron un total de 12 pesos para hacerlo y pusieron Bovril en la calle\u201d.<\/p>\n\n\n\n<p>Los trabajadores se dieron cuenta que mediante este tipo de manifestaci\u00f3n hab\u00edan obtenido dinero, entonces buscan repetirla para siguiente a\u00f1o.<\/p>\n\n\n\n<p>Se disfrazan de un hombre viejo, de barba larga y bast\u00f3n, entonces surge una canci\u00f3n a ritmo de conga.<\/p>\n\n\n\n<p>Esta tradici\u00f3n se saca s\u00f3lo el 31 de diciembre desde temprano por la ma\u00f1ana, al medio d\u00eda y parte de la tarde, sin embargo en la actualidad algunos lo sacan desde el d\u00eda 29.<\/p>\n\n\n\n<p>Pero la tradici\u00f3n ha evolucionado.<\/p>\n\n\n\n<p>Con m\u00e1s de 100 a\u00f1os la tradici\u00f3n se mantiene y se ha extendido a otras regiones del estado de Veracruz.<\/p>\n\n\n\n<p>De esta manera cada a\u00f1o, cada 31 de diciembre es costumbre ver al viejo bailando sobre las calles pidiendo limosna al ritmo de conga.<\/p>\n\n\n\n<p>\u201cUna limosna para este pobre viejo<\/p>\n\n\n\n<p>Una limosna para este pobre viejo<\/p>\n\n\n\n<p>Que ha dejado hijo<\/p>\n\n\n\n<p>Que ha dejado hijo<\/p>\n\n\n\n<p>Para el A\u00f1o Nuevo\u201d.<\/p>\n\n\n\n<p>(Fuente: xeu\/foto: Juan Bosco P\u00e9rez Acasuso)<\/p>\n","protected":false},"excerpt":{"rendered":"<p>(Redacci\u00f3n) Con m\u00e1s de 100 a\u00f1os la tradici\u00f3n se mantiene y se ha extendido a otras regiones del estado de Veracruz Veracruz, Veracruz a 28 de diciembre de 2021.-En 1875, en la ciudad de Veracruz, nace una tradici\u00f3n que ha trascendido hasta nuestros d\u00edas. La tradici\u00f3n de El viejo, tiene sus or\u00edgenes en el puerto [&hellip;]<\/p>\n","protected":false},"author":1,"featured_media":195616,"comment_status":"open","ping_status":"open","sticky":false,"template":"","format":"standard","meta":{"footnotes":""},"categories":[7],"tags":[],"class_list":["post-195615","post","type-post","status-publish","format-standard","has-post-thumbnail","hentry","category-veracruz","entry","has-media"],"jetpack_featured_media_url":"http:\/\/vertienteglobal.com\/wp-content\/uploads\/2021\/12\/1194051.jpg","_links":{"self":[{"href":"http:\/\/vertienteglobal.com\/index.php?rest_route=\/wp\/v2\/posts\/195615","targetHints":{"allow":["GET"]}}],"collection":[{"href":"http:\/\/vertienteglobal.com\/index.php?rest_route=\/wp\/v2\/posts"}],"about":[{"href":"http:\/\/vertienteglobal.com\/index.php?rest_route=\/wp\/v2\/types\/post"}],"author":[{"embeddable":true,"href":"http:\/\/vertienteglobal.com\/index.php?rest_route=\/wp\/v2\/users\/1"}],"replies":[{"embeddable":true,"href":"http:\/\/vertienteglobal.com\/index.php?rest_route=%2Fwp%2Fv2%2Fcomments&post=195615"}],"version-history":[{"count":0,"href":"http:\/\/vertienteglobal.com\/index.php?rest_route=\/wp\/v2\/posts\/195615\/revisions"}],"wp:featuredmedia":[{"embeddable":true,"href":"http:\/\/vertienteglobal.com\/index.php?rest_route=\/wp\/v2\/media\/195616"}],"wp:attachment":[{"href":"http:\/\/vertienteglobal.com\/index.php?rest_route=%2Fwp%2Fv2%2Fmedia&parent=195615"}],"wp:term":[{"taxonomy":"category","embeddable":true,"href":"http:\/\/vertienteglobal.com\/index.php?rest_route=%2Fwp%2Fv2%2Fcategories&post=195615"},{"taxonomy":"post_tag","embeddable":true,"href":"http:\/\/vertienteglobal.com\/index.php?rest_route=%2Fwp%2Fv2%2Ftags&post=195615"}],"curies":[{"name":"wp","href":"https:\/\/api.w.org\/{rel}","templated":true}]}}