{"id":195586,"date":"2021-12-28T12:09:00","date_gmt":"2021-12-28T18:09:00","guid":{"rendered":"http:\/\/vertienteglobal.com\/?p=195586"},"modified":"2021-12-28T12:10:15","modified_gmt":"2021-12-28T18:10:15","slug":"nuevos-iphone-no-tendran-ranura-para-tarjeta-sim","status":"publish","type":"post","link":"http:\/\/vertienteglobal.com\/?p=195586","title":{"rendered":"Nuevos iPhone no tendr\u00e1n ranura para tarjeta SIM"},"content":{"rendered":"\n<div class=\"twitterbutton\" style=\"float: right; padding-left: 5px;\"><a href=\"http:\/\/twitter.com\/share\" class=\"twitter-share-button\" data-count=\"horizontal\" data-text=\"Nuevos iPhone no tendr\u00e1n ranura para tarjeta SIM\" data-via=\"https:\/\/twitter.com\/VertienteGloba1\" data-url=\"http:\/\/vertienteglobal.com\/?p=195586\" data-lang=\"es\" data-related=\"Informaci\u00f3n general:S\u00edguenos para que est\u00e9ss informado\"><\/a><\/div>\n<figure class=\"wp-block-image size-large\"><img loading=\"lazy\" decoding=\"async\" width=\"1024\" height=\"683\" src=\"http:\/\/vertienteglobal.com\/wp-content\/uploads\/2021\/12\/164918.jpg\" alt=\"\" class=\"wp-image-195587\" srcset=\"http:\/\/vertienteglobal.com\/wp-content\/uploads\/2021\/12\/164918.jpg 1024w, http:\/\/vertienteglobal.com\/wp-content\/uploads\/2021\/12\/164918-300x200.jpg 300w, http:\/\/vertienteglobal.com\/wp-content\/uploads\/2021\/12\/164918-150x100.jpg 150w, http:\/\/vertienteglobal.com\/wp-content\/uploads\/2021\/12\/164918-768x512.jpg 768w\" sizes=\"auto, (max-width: 1024px) 100vw, 1024px\" \/><\/figure>\n\n\n\n<p>(Redacci\u00f3n)<\/p>\n\n\n\n<p>Los modelos de iPhone 13 vendidos en Apple Stores o en Apple.com ya carecen de una tarjeta SIM en la caja, y los usuarios generalmente pueden activar un plan celular a trav\u00e9s de eSIM al encender el iPhone, conectarse a una red Wi-Fi y seguir las instrucciones en pantalla<\/p>\n\n\n\n<p>Ciudad de M\u00e9xico a 28 de diciembre de 2021.-Al parecer, los nuevos iPhone de 2022 contar\u00e1n con una nueva caracter\u00edstica, no tendr\u00e1n ranura para tarjeta SIM, as\u00ed lo se\u00f1al\u00f3 el portal especializado en filtraciones de Apple, MacRumors.<\/p>\n\n\n\n<p>Una fuente an\u00f3nima se\u00f1al\u00f3 al sitio que Apple recomend\u00f3 a los principales operadores de Estados Unidos que se preparen para el lanzamiento de tel\u00e9fonos inteligentes con solo eSIM para septiembre de 2022.<\/p>\n\n\n\n<p>Seg\u00fan el sitio de filtraciones, el informante comparti\u00f3 un documento aparentemente leg\u00edtimo que describe el marco de tiempo para esta iniciativa, aunque el documento no menciona espec\u00edficamente a Apple o al iPhone.<\/p>\n\n\n\n<p>Los modelos de iPhone 13 vendidos en Apple Stores o en Apple.com ya carecen de una tarjeta SIM en la caja, y los usuarios generalmente pueden activar un plan celular a trav\u00e9s de eSIM al encender el iPhone, conectarse a una red Wi-Fi y seguir las instrucciones en pantalla.<\/p>\n\n\n\n<p>Dada la supuesta fecha l\u00edmite de septiembre de 2022, es posible que Apple elimine la ranura de la tarjeta SIM f\u00edsica comenzando con algunos modelos de iPhone 14, en lugar de algunos modelos de iPhone 15 como se rumoreaba originalmente, pero nada es definitivo en este momento.(Fuente: Sipse\/ElUniversal)<\/p>\n","protected":false},"excerpt":{"rendered":"<p>(Redacci\u00f3n) Los modelos de iPhone 13 vendidos en Apple Stores o en Apple.com ya carecen de una tarjeta SIM en la caja, y los usuarios generalmente pueden activar un plan celular a trav\u00e9s de eSIM al encender el iPhone, conectarse a una red Wi-Fi y seguir las instrucciones en pantalla Ciudad de M\u00e9xico a 28 [&hellip;]<\/p>\n","protected":false},"author":1,"featured_media":195587,"comment_status":"open","ping_status":"open","sticky":false,"template":"","format":"standard","meta":{"footnotes":""},"categories":[8],"tags":[],"class_list":["post-195586","post","type-post","status-publish","format-standard","has-post-thumbnail","hentry","category-pais","entry","has-media"],"jetpack_featured_media_url":"http:\/\/vertienteglobal.com\/wp-content\/uploads\/2021\/12\/164918.jpg","_links":{"self":[{"href":"http:\/\/vertienteglobal.com\/index.php?rest_route=\/wp\/v2\/posts\/195586","targetHints":{"allow":["GET"]}}],"collection":[{"href":"http:\/\/vertienteglobal.com\/index.php?rest_route=\/wp\/v2\/posts"}],"about":[{"href":"http:\/\/vertienteglobal.com\/index.php?rest_route=\/wp\/v2\/types\/post"}],"author":[{"embeddable":true,"href":"http:\/\/vertienteglobal.com\/index.php?rest_route=\/wp\/v2\/users\/1"}],"replies":[{"embeddable":true,"href":"http:\/\/vertienteglobal.com\/index.php?rest_route=%2Fwp%2Fv2%2Fcomments&post=195586"}],"version-history":[{"count":0,"href":"http:\/\/vertienteglobal.com\/index.php?rest_route=\/wp\/v2\/posts\/195586\/revisions"}],"wp:featuredmedia":[{"embeddable":true,"href":"http:\/\/vertienteglobal.com\/index.php?rest_route=\/wp\/v2\/media\/195587"}],"wp:attachment":[{"href":"http:\/\/vertienteglobal.com\/index.php?rest_route=%2Fwp%2Fv2%2Fmedia&parent=195586"}],"wp:term":[{"taxonomy":"category","embeddable":true,"href":"http:\/\/vertienteglobal.com\/index.php?rest_route=%2Fwp%2Fv2%2Fcategories&post=195586"},{"taxonomy":"post_tag","embeddable":true,"href":"http:\/\/vertienteglobal.com\/index.php?rest_route=%2Fwp%2Fv2%2Ftags&post=195586"}],"curies":[{"name":"wp","href":"https:\/\/api.w.org\/{rel}","templated":true}]}}