{"id":195094,"date":"2021-12-19T15:49:00","date_gmt":"2021-12-19T21:49:00","guid":{"rendered":"http:\/\/vertienteglobal.com\/?p=195094"},"modified":"2021-12-20T16:11:42","modified_gmt":"2021-12-20T22:11:42","slug":"supervisan-amlo-y-carlos-joaquin-obras-en-quintana-roo","status":"publish","type":"post","link":"http:\/\/vertienteglobal.com\/?p=195094","title":{"rendered":"Supervisan AMLO y Carlos Joaqu\u00edn obras en Quintana Roo"},"content":{"rendered":"\n<div class=\"twitterbutton\" style=\"float: right; padding-left: 5px;\"><a href=\"http:\/\/twitter.com\/share\" class=\"twitter-share-button\" data-count=\"horizontal\" data-text=\"Supervisan AMLO y Carlos Joaqu\u00edn obras en Quintana Roo\" data-via=\"https:\/\/twitter.com\/VertienteGloba1\" data-url=\"http:\/\/vertienteglobal.com\/?p=195094\" data-lang=\"es\" data-related=\"Informaci\u00f3n general:S\u00edguenos para que est\u00e9ss informado\"><\/a><\/div>\n<figure class=\"wp-block-image size-large\"><img loading=\"lazy\" decoding=\"async\" width=\"1024\" height=\"768\" src=\"http:\/\/vertienteglobal.com\/wp-content\/uploads\/2021\/12\/20211220_095918-1024x768.jpg\" alt=\"\" class=\"wp-image-195095\" srcset=\"http:\/\/vertienteglobal.com\/wp-content\/uploads\/2021\/12\/20211220_095918-1024x768.jpg 1024w, http:\/\/vertienteglobal.com\/wp-content\/uploads\/2021\/12\/20211220_095918-300x225.jpg 300w, http:\/\/vertienteglobal.com\/wp-content\/uploads\/2021\/12\/20211220_095918-150x113.jpg 150w, http:\/\/vertienteglobal.com\/wp-content\/uploads\/2021\/12\/20211220_095918-768x576.jpg 768w, http:\/\/vertienteglobal.com\/wp-content\/uploads\/2021\/12\/20211220_095918-1536x1152.jpg 1536w, http:\/\/vertienteglobal.com\/wp-content\/uploads\/2021\/12\/20211220_095918.jpg 2048w\" sizes=\"auto, (max-width: 1024px) 100vw, 1024px\" \/><\/figure>\n\n\n\n<p>(Redacci\u00f3n)<\/p>\n\n\n\n<p>Inform\u00f3 que particip\u00f3 en Tulum con el presidente Andr\u00e9s Manuel L\u00f3pez Obrador en revisi\u00f3n de tramos 5, 6 y 7 del Tren Maya, construcci\u00f3n del aeropuerto de Tulum, remodelaci\u00f3n del aeropuerto de Chetumal y nuevas \u00e1reas naturales en Tulum con el Parque del Jaguar<\/p>\n\n\n\n<p>Tulum, Quintana Roo.- Minutos antes de las nueve de la ma\u00f1ana de este domingo el helic\u00f3ptero en el que \u2018vol\u00f3\u2019 el presidente de la rep\u00fablica Andr\u00e9s Manuel L\u00f3pez Obrador descendi\u00f3 en la aeropista militar de la Base Aeronaval de Tulum y aeropuerto militar exclusivo de la Armada de M\u00e9xico y la Aviaci\u00f3n Naval Mexicana, acompa\u00f1ado por el gobernador del estado Carlos Joaqu\u00edn Gonz\u00e1lez.<\/p>\n\n\n\n<p>Y es que en sus redes sociales el gobernador del estado, Carlos Joaqu\u00edn, inform\u00f3 que particip\u00f3 en Tulum con el presidente Andr\u00e9s Manuel L\u00f3pez Obrador en revisi\u00f3n de tramos 5, 6 y 7 del Tren Maya, construcci\u00f3n del aeropuerto de Tulum, remodelaci\u00f3n del aeropuerto de Chetumal y nuevas \u00e1reas naturales en Tulum con el Parque del Jaguar.<\/p>\n\n\n\n<p>La visita rel\u00e1mpago de Andr\u00e9s Manuel L\u00f3pez Obrador, seg\u00fan fuentes cercanas al ayuntamiento fue un sobrevuelo para evaluar los avances del Tren Maya, y se dice que su en la pen\u00ednsula que incluy\u00f3 Quintana Roo es en general la supervisi\u00f3n de proyectos como el Parque Ecol\u00f3gico \u201cJaguar\u201d en Tulum en terrenos cercanos a la zona arqueol\u00f3gica.<\/p>\n\n\n\n<p>Tras su arrib\u00f3 al parecer AMLO se traslad\u00f3 en la zona arqueol\u00f3gica de Tulum, en donde sostuvo una reuni\u00f3n privada, con funcionarios, empresarios, el gobernador y el alcalde de este noveno municipio, sin embargo, la informaci\u00f3n no fue confirmada.<\/p>\n\n\n\n<p>Lo que si es cierto es que la aeronave de Andr\u00e9s Manuel L\u00f3pez Obrador, ante de su aterrizaje en la carretera federal en puntos estrat\u00e9gicos e inmediaciones de la zona arqueol\u00f3gica ya se hab\u00eda establecido un fuerte dispositivo de seguridad, y en todo lo largo y ancho del camino para llegar de la Base Aeronaval de Tulum y aeropuerto militar exclusivo de la Armada de M\u00e9xico y la Aviaci\u00f3n Naval Mexicana, un sinn\u00famero de unidades con soldados, unos parapetados y otros realizan rondines.<\/p>\n\n\n\n<p>Desde trescientos metros antes de la entrada en la v\u00eda que conduce a la zona arqueol\u00f3gica o \u201ccrucero\u201d como mejor es conocido, se instalaron algunos filtros, as\u00ed como personal de la Secretar\u00eda de la Defensa Nacional (SEDENA) que resguardaba el lugar.<\/p>\n\n\n\n<p>Si bien es cierto que no hubo informaci\u00f3n oficial y no se pudo observar al presidente de la rep\u00fablica, tambi\u00e9n es cierto que a unos 300 metros a la redonda de la Base Naval y de la Zona Arqueol\u00f3gica, desde las 8 de la ma\u00f1ana hasta el medio d\u00eda elementos del Ej\u00e9rcito mexicano y la Guardia Nacional (GN) desplegaron un operativo de seguridad en la v\u00eda federal.<\/p>\n\n\n\n<p>Todo indica que la seguridad del jefe del ejecutivo federal estuvo a cargo de estos cuerpos militares, que mantuvieron varios retenes en puntos estrat\u00e9gicos de la v\u00eda federal cerca del sitio arqueol\u00f3gico y donde aterriz\u00f3, adem\u00e1s los dispositivos de alta seguridad se extendieron hasta la zona arqueol\u00f3gica.<\/p>\n","protected":false},"excerpt":{"rendered":"<p>(Redacci\u00f3n) Inform\u00f3 que particip\u00f3 en Tulum con el presidente Andr\u00e9s Manuel L\u00f3pez Obrador en revisi\u00f3n de tramos 5, 6 y 7 del Tren Maya, construcci\u00f3n del aeropuerto de Tulum, remodelaci\u00f3n del aeropuerto de Chetumal y nuevas \u00e1reas naturales en Tulum con el Parque del Jaguar Tulum, Quintana Roo.- Minutos antes de las nueve de la [&hellip;]<\/p>\n","protected":false},"author":1,"featured_media":195095,"comment_status":"open","ping_status":"open","sticky":false,"template":"","format":"standard","meta":{"footnotes":""},"categories":[3],"tags":[],"class_list":["post-195094","post","type-post","status-publish","format-standard","has-post-thumbnail","hentry","category-quintana-roo","entry","has-media"],"jetpack_featured_media_url":"http:\/\/vertienteglobal.com\/wp-content\/uploads\/2021\/12\/20211220_095918.jpg","_links":{"self":[{"href":"http:\/\/vertienteglobal.com\/index.php?rest_route=\/wp\/v2\/posts\/195094","targetHints":{"allow":["GET"]}}],"collection":[{"href":"http:\/\/vertienteglobal.com\/index.php?rest_route=\/wp\/v2\/posts"}],"about":[{"href":"http:\/\/vertienteglobal.com\/index.php?rest_route=\/wp\/v2\/types\/post"}],"author":[{"embeddable":true,"href":"http:\/\/vertienteglobal.com\/index.php?rest_route=\/wp\/v2\/users\/1"}],"replies":[{"embeddable":true,"href":"http:\/\/vertienteglobal.com\/index.php?rest_route=%2Fwp%2Fv2%2Fcomments&post=195094"}],"version-history":[{"count":0,"href":"http:\/\/vertienteglobal.com\/index.php?rest_route=\/wp\/v2\/posts\/195094\/revisions"}],"wp:featuredmedia":[{"embeddable":true,"href":"http:\/\/vertienteglobal.com\/index.php?rest_route=\/wp\/v2\/media\/195095"}],"wp:attachment":[{"href":"http:\/\/vertienteglobal.com\/index.php?rest_route=%2Fwp%2Fv2%2Fmedia&parent=195094"}],"wp:term":[{"taxonomy":"category","embeddable":true,"href":"http:\/\/vertienteglobal.com\/index.php?rest_route=%2Fwp%2Fv2%2Fcategories&post=195094"},{"taxonomy":"post_tag","embeddable":true,"href":"http:\/\/vertienteglobal.com\/index.php?rest_route=%2Fwp%2Fv2%2Ftags&post=195094"}],"curies":[{"name":"wp","href":"https:\/\/api.w.org\/{rel}","templated":true}]}}