{"id":195065,"date":"2021-12-18T18:51:06","date_gmt":"2021-12-19T00:51:06","guid":{"rendered":"http:\/\/vertienteglobal.com\/?p=195065"},"modified":"2021-12-19T14:15:06","modified_gmt":"2021-12-19T20:15:06","slug":"renan-barrera-reafirma-mas-y-mejores-acciones-para-enfrentar-el-cambio-climatico-desde-merida","status":"publish","type":"post","link":"http:\/\/vertienteglobal.com\/?p=195065","title":{"rendered":"Ren\u00e1n Barrera reafirma m\u00e1s y mejores acciones para enfrentar el cambio clim\u00e1tico desde M\u00e9rida"},"content":{"rendered":"\n<div class=\"twitterbutton\" style=\"float: right; padding-left: 5px;\"><a href=\"http:\/\/twitter.com\/share\" class=\"twitter-share-button\" data-count=\"horizontal\" data-text=\"Ren\u00e1n Barrera reafirma m\u00e1s y mejores acciones para enfrentar el cambio clim\u00e1t...\" data-via=\"https:\/\/twitter.com\/VertienteGloba1\" data-url=\"http:\/\/vertienteglobal.com\/?p=195065\" data-lang=\"es\" data-related=\"Informaci\u00f3n general:S\u00edguenos para que est\u00e9ss informado\"><\/a><\/div>\n<figure class=\"wp-block-image size-large\"><img loading=\"lazy\" decoding=\"async\" width=\"660\" height=\"330\" src=\"http:\/\/vertienteglobal.com\/wp-content\/uploads\/2021\/12\/18DIC21-RBC-1-660x330-1.jpeg\" alt=\"\" class=\"wp-image-195066\" srcset=\"http:\/\/vertienteglobal.com\/wp-content\/uploads\/2021\/12\/18DIC21-RBC-1-660x330-1.jpeg 660w, http:\/\/vertienteglobal.com\/wp-content\/uploads\/2021\/12\/18DIC21-RBC-1-660x330-1-300x150.jpeg 300w, http:\/\/vertienteglobal.com\/wp-content\/uploads\/2021\/12\/18DIC21-RBC-1-660x330-1-150x75.jpeg 150w\" sizes=\"auto, (max-width: 660px) 100vw, 660px\" \/><\/figure>\n\n\n\n<p>(Redacci\u00f3n)<\/p>\n\n\n\n<p>Participa como vicepresidente en la segunda asamblea directiva del ICLEI M\u00e9xico<\/p>\n\n\n\n<p>M\u00e9rida, Yucat\u00e1n a 18 de diciembre de 2021.- El Ayuntamiento que encabeza el Alcalde Ren\u00e1n Barrera Concha implementa acciones prioritarias ante el cambio clim\u00e1tico, a fin de garantizar que las futuras generaciones vivan en un Municipio m\u00e1s competitivo, resiliente y sustentable.<\/p>\n\n\n\n<p>En ese sentido, el Presidente Municipal particip\u00f3 en la segunda asamblea de la Junta Directiva del ICLEI M\u00e9xico (Gobiernos Locales por la Sustentabilidad M\u00e9xico, Centroam\u00e9rica y el Caribe) donde se renov\u00f3 y ratific\u00f3 a los integrantes de la Junta Directiva 2021-2024.<\/p>\n\n\n\n<p>En la reuni\u00f3n virtual, Barrera Concha destac\u00f3 que M\u00e9rida se ha posicionado no s\u00f3lo a nivel nacional, sino tambi\u00e9n internacional por su compromiso con las energ\u00edas limpias y proyectos de \u00edndole sustentable a trav\u00e9s de la alianza estrat\u00e9gica con las y los ciudadanos.<\/p>\n\n\n\n<p>\u201cUno de los temas que m\u00e1s hemos buscado impulsar en nuestros planes municipales de desarrollo tiene que ver precisamente con el tema de la sustentabilidad, el cual forma parte primordial de la agenda de trabajo de nuestro gobierno\u201d, dijo.<\/p>\n\n\n\n<p>Ante la presencia de Luis Donaldo Colosio, Alcalde de Monterrey y presidente entrante de la Junta Directiva de ICLEI M\u00e9xico y de la Alcaldesa de Metepec, Gabriela Gamboa S\u00e1nchez, Barrera Concha indic\u00f3 que para el Ayuntamiento de M\u00e9rida formar parte del ICLEI ha sido enriquecedor, porque caminar de la mano de organizaciones de alto nivel ayud\u00f3 a construir una vinculaci\u00f3n que permiti\u00f3 avanzar hacia la sustentabilidad del Municipio.<\/p>\n\n\n\n<p>Record\u00f3 que en sus anteriores administraciones se trabaj\u00f3 en pol\u00edticas p\u00fablicas que dieron buenos resultados y, por ese motivo, contin\u00faan vigentes hoy en d\u00eda, como son los incentivos fiscales por el uso de energ\u00eda limpias en los hogares y la instalaci\u00f3n de paneles solares en los edificios municipales.<\/p>\n\n\n\n<p>Inform\u00f3 que M\u00e9rida elabor\u00f3 un Plan Municipal de Infraestructura Verde y un programa de Gesti\u00f3n de Espacios P\u00fablicos, que gu\u00edan las acciones implementadas en materia de conservaci\u00f3n del medio ambiente.<\/p>\n\n\n\n<p>Adem\u00e1s, indic\u00f3 que se instal\u00f3 una Junta de Gobierno del Organismo P\u00fablico Municipal de Operaci\u00f3n y Administraci\u00f3n de la Reserva Ecol\u00f3gica de Cuxtal, que es una zona natural que abarca 10, 757 hect\u00e1reas de superficie y suministra el 50% del agua que se distribuye en M\u00e9rida, la cual es extra\u00edda de los mantos acu\u00edferos de esta reserva.<\/p>\n\n\n\n<p>Agreg\u00f3 que existen otras acciones para ampliar el uso de energ\u00edas limpias como son la creaci\u00f3n del \u201cPrograma de Est\u00edmulo a las Acciones ante el Cambio Clim\u00e1tico \u2013 Paneles Solares\u201d y el \u201cPrograma de Est\u00edmulo a las Acciones ante el Cambio Clim\u00e1tico-Azoteas Verdes\u201d, cuyos objetivos consisten en mitigar los efectos de la urbanizaci\u00f3n.<\/p>\n\n\n\n<p>Cabe se\u00f1alar que se instalaron paneles solares en 99 edificios administrativos del Municipio, para procurar generar un ahorro del 30% en la facturaci\u00f3n de consumo de energ\u00eda el\u00e9ctrica del Ayuntamiento.<\/p>\n\n\n\n<p>Con el programa \u201cOficina Verde\u201d se impulsa una cultura ambiental participativa entre el personal municipal, cuidando los materiales y la energ\u00eda el\u00e9ctrica que se utilizan para el cumplimiento de las labores administrativas y operativas.<\/p>\n\n\n\n<p>Tambi\u00e9n se cuenta con la app \u201cArbolMid\u201d que permite consultar y conocer las caracter\u00edsticas del arbolado urbano de M\u00e9rida, donde se tiene un inventario de aproximadamente 2 millones 300 mil \u00e1rboles.<\/p>\n\n\n\n<p>Adem\u00e1s, se\u00f1al\u00f3 que este Ayuntamiento aline\u00f3 sus acciones y estrategias con base en los 17 objetivos de la Agenda de Desarrollo Sostenible de la ONU.<\/p>\n\n\n\n<p>En la reuni\u00f3n tambi\u00e9n participaron Edgar Villase\u00f1or Franco, director ejecutivo y secretario regional de ICLEI; Jes\u00fas \u00c1ngel Nava Rivera, vocal vicepresidente y presidente municipal de Santa Catarina; Eduardo Rivera P\u00e9rez, vocal vicepresidente y presidente municipal de puebla e Igor Fidel Roji, secretario y presidente municipal de Orizaba<\/p>\n","protected":false},"excerpt":{"rendered":"<p>(Redacci\u00f3n) Participa como vicepresidente en la segunda asamblea directiva del ICLEI M\u00e9xico M\u00e9rida, Yucat\u00e1n a 18 de diciembre de 2021.- El Ayuntamiento que encabeza el Alcalde Ren\u00e1n Barrera Concha implementa acciones prioritarias ante el cambio clim\u00e1tico, a fin de garantizar que las futuras generaciones vivan en un Municipio m\u00e1s competitivo, resiliente y sustentable. En ese [&hellip;]<\/p>\n","protected":false},"author":1,"featured_media":195066,"comment_status":"open","ping_status":"open","sticky":false,"template":"","format":"standard","meta":{"footnotes":""},"categories":[2],"tags":[],"class_list":["post-195065","post","type-post","status-publish","format-standard","has-post-thumbnail","hentry","category-yucatan","entry","has-media"],"jetpack_featured_media_url":"http:\/\/vertienteglobal.com\/wp-content\/uploads\/2021\/12\/18DIC21-RBC-1-660x330-1.jpeg","_links":{"self":[{"href":"http:\/\/vertienteglobal.com\/index.php?rest_route=\/wp\/v2\/posts\/195065","targetHints":{"allow":["GET"]}}],"collection":[{"href":"http:\/\/vertienteglobal.com\/index.php?rest_route=\/wp\/v2\/posts"}],"about":[{"href":"http:\/\/vertienteglobal.com\/index.php?rest_route=\/wp\/v2\/types\/post"}],"author":[{"embeddable":true,"href":"http:\/\/vertienteglobal.com\/index.php?rest_route=\/wp\/v2\/users\/1"}],"replies":[{"embeddable":true,"href":"http:\/\/vertienteglobal.com\/index.php?rest_route=%2Fwp%2Fv2%2Fcomments&post=195065"}],"version-history":[{"count":0,"href":"http:\/\/vertienteglobal.com\/index.php?rest_route=\/wp\/v2\/posts\/195065\/revisions"}],"wp:featuredmedia":[{"embeddable":true,"href":"http:\/\/vertienteglobal.com\/index.php?rest_route=\/wp\/v2\/media\/195066"}],"wp:attachment":[{"href":"http:\/\/vertienteglobal.com\/index.php?rest_route=%2Fwp%2Fv2%2Fmedia&parent=195065"}],"wp:term":[{"taxonomy":"category","embeddable":true,"href":"http:\/\/vertienteglobal.com\/index.php?rest_route=%2Fwp%2Fv2%2Fcategories&post=195065"},{"taxonomy":"post_tag","embeddable":true,"href":"http:\/\/vertienteglobal.com\/index.php?rest_route=%2Fwp%2Fv2%2Ftags&post=195065"}],"curies":[{"name":"wp","href":"https:\/\/api.w.org\/{rel}","templated":true}]}}