{"id":195032,"date":"2021-12-18T09:53:00","date_gmt":"2021-12-18T15:53:00","guid":{"rendered":"http:\/\/vertienteglobal.com\/?p=195032"},"modified":"2021-12-18T11:56:02","modified_gmt":"2021-12-18T17:56:02","slug":"fallece-manuel-garza-gonzalez-papa-de-monica-garza-y-politico-en-tamaulipas","status":"publish","type":"post","link":"http:\/\/vertienteglobal.com\/?p=195032","title":{"rendered":"Fallece Manuel Garza Gonz\u00e1lez, pap\u00e1 de M\u00f3nica Garza y pol\u00edtico en Tamaulipas"},"content":{"rendered":"\n<div class=\"twitterbutton\" style=\"float: right; padding-left: 5px;\"><a href=\"http:\/\/twitter.com\/share\" class=\"twitter-share-button\" data-count=\"horizontal\" data-text=\"Fallece Manuel Garza Gonz\u00e1lez, pap\u00e1 de M\u00f3nica Garza y pol\u00edtico en Tamaulipas\" data-via=\"https:\/\/twitter.com\/VertienteGloba1\" data-url=\"http:\/\/vertienteglobal.com\/?p=195032\" data-lang=\"es\" data-related=\"Informaci\u00f3n general:S\u00edguenos para que est\u00e9ss informado\"><\/a><\/div>\n<figure class=\"wp-block-image size-large\"><img loading=\"lazy\" decoding=\"async\" width=\"1024\" height=\"683\" src=\"http:\/\/vertienteglobal.com\/wp-content\/uploads\/2021\/12\/164119.jpg\" alt=\"\" class=\"wp-image-195033\" srcset=\"http:\/\/vertienteglobal.com\/wp-content\/uploads\/2021\/12\/164119.jpg 1024w, http:\/\/vertienteglobal.com\/wp-content\/uploads\/2021\/12\/164119-300x200.jpg 300w, http:\/\/vertienteglobal.com\/wp-content\/uploads\/2021\/12\/164119-150x100.jpg 150w, http:\/\/vertienteglobal.com\/wp-content\/uploads\/2021\/12\/164119-768x512.jpg 768w\" sizes=\"auto, (max-width: 1024px) 100vw, 1024px\" \/><\/figure>\n\n\n\n<p>(Redacci\u00f3n)<\/p>\n\n\n\n<p>M\u00f3nica Garza expres\u00f3 que su padre se fue arropado por el amor y la compa\u00f1\u00eda de sus cuatro hijos y nietos<\/p>\n\n\n\n<p>Ciudad de M\u00e9xico a 18 de diciembre de 2021.-Manuel Garza Gonz\u00e1lez, pap\u00e1 de M\u00f3nica Garza y pol\u00edtico en Tamaulipas, falleci\u00f3 la ma\u00f1ana de este s\u00e1bado en la Ciudad de M\u00e9xico. La noticia fue dada a conocer por la conductora a trav\u00e9s de sus redes sociales.<\/p>\n\n\n\n<p>\u201cEl Meme Garza\u201d, como le conoc\u00edan, naci\u00f3 en Tamaulipas, donde hizo una carrera pol\u00edtica, fue alcalde en Reynosa, diputado local y federal, adem\u00e1s tuvo diversos cargos en el PRI.<\/p>\n\n\n\n<p>\u201cCon profundo dolor y en nombre de mi familia, informo que mi padre, Manuel Garza Gonzalez, conocido por muchos como \u201cEl Meme Garza\u201d falleci\u00f3 hoy a las 6:20 hrs. en la Ciudad de M\u00e9xico\u201d.<\/p>\n\n\n\n<p>M\u00f3nica Garza expres\u00f3 que su padre se fue arropado por el amor y la compa\u00f1\u00eda de sus cuatro hijos y nietos.<\/p>\n\n\n\n<p>Garza Gonzalez naci\u00f3 en Reynosa, Tamaulipas un 25 de agosto de 1933. Licenciado en Administraci\u00f3n de Empresas por la St. Edward&#8217;s University, Austin-Texas y realiz\u00f3 estudios en T\u00e9cnicas Agropecuarias en el ITESM.<\/p>\n\n\n\n<p>Precisamente en su ciudad natal, fue alcalde, adem\u00e1s fue diputado local en el Congreso de Tamaulipas de 1968 a 1971; de 1976 a 1979 fue subsecretario de la Reforma Agraria.<\/p>\n\n\n\n<p>Y diputado federal de 1991 a 1994 y de 2000 a 2003, tiempo que tambi\u00e9n tuvo el cargo de vicecoordinador de relaciones de la bancada de diputados del PRI con el partido.(Fuente:Milenio)<\/p>\n","protected":false},"excerpt":{"rendered":"<p>(Redacci\u00f3n) M\u00f3nica Garza expres\u00f3 que su padre se fue arropado por el amor y la compa\u00f1\u00eda de sus cuatro hijos y nietos Ciudad de M\u00e9xico a 18 de diciembre de 2021.-Manuel Garza Gonz\u00e1lez, pap\u00e1 de M\u00f3nica Garza y pol\u00edtico en Tamaulipas, falleci\u00f3 la ma\u00f1ana de este s\u00e1bado en la Ciudad de M\u00e9xico. La noticia fue [&hellip;]<\/p>\n","protected":false},"author":1,"featured_media":195033,"comment_status":"open","ping_status":"open","sticky":false,"template":"","format":"standard","meta":{"footnotes":""},"categories":[8],"tags":[],"class_list":["post-195032","post","type-post","status-publish","format-standard","has-post-thumbnail","hentry","category-pais","entry","has-media"],"jetpack_featured_media_url":"http:\/\/vertienteglobal.com\/wp-content\/uploads\/2021\/12\/164119.jpg","_links":{"self":[{"href":"http:\/\/vertienteglobal.com\/index.php?rest_route=\/wp\/v2\/posts\/195032","targetHints":{"allow":["GET"]}}],"collection":[{"href":"http:\/\/vertienteglobal.com\/index.php?rest_route=\/wp\/v2\/posts"}],"about":[{"href":"http:\/\/vertienteglobal.com\/index.php?rest_route=\/wp\/v2\/types\/post"}],"author":[{"embeddable":true,"href":"http:\/\/vertienteglobal.com\/index.php?rest_route=\/wp\/v2\/users\/1"}],"replies":[{"embeddable":true,"href":"http:\/\/vertienteglobal.com\/index.php?rest_route=%2Fwp%2Fv2%2Fcomments&post=195032"}],"version-history":[{"count":0,"href":"http:\/\/vertienteglobal.com\/index.php?rest_route=\/wp\/v2\/posts\/195032\/revisions"}],"wp:featuredmedia":[{"embeddable":true,"href":"http:\/\/vertienteglobal.com\/index.php?rest_route=\/wp\/v2\/media\/195033"}],"wp:attachment":[{"href":"http:\/\/vertienteglobal.com\/index.php?rest_route=%2Fwp%2Fv2%2Fmedia&parent=195032"}],"wp:term":[{"taxonomy":"category","embeddable":true,"href":"http:\/\/vertienteglobal.com\/index.php?rest_route=%2Fwp%2Fv2%2Fcategories&post=195032"},{"taxonomy":"post_tag","embeddable":true,"href":"http:\/\/vertienteglobal.com\/index.php?rest_route=%2Fwp%2Fv2%2Ftags&post=195032"}],"curies":[{"name":"wp","href":"https:\/\/api.w.org\/{rel}","templated":true}]}}