{"id":194643,"date":"2021-12-12T10:50:00","date_gmt":"2021-12-12T16:50:00","guid":{"rendered":"http:\/\/vertienteglobal.com\/?p=194643"},"modified":"2021-12-12T11:14:17","modified_gmt":"2021-12-12T17:14:17","slug":"acude-el-pueblo-al-rancho-los-3-potrillos-para-despedir-a-vicente-fernandez","status":"publish","type":"post","link":"http:\/\/vertienteglobal.com\/?p=194643","title":{"rendered":"Acude el pueblo al rancho \u201cLos 3 Potrillos\u201d para despedir a Vicente Fern\u00e1ndez"},"content":{"rendered":"\n<div class=\"twitterbutton\" style=\"float: right; padding-left: 5px;\"><a href=\"http:\/\/twitter.com\/share\" class=\"twitter-share-button\" data-count=\"horizontal\" data-text=\"Acude el pueblo al rancho \u201cLos 3 Potrillos\u201d para despedir a Vicente Fern\u00e1nd...\" data-via=\"https:\/\/twitter.com\/VertienteGloba1\" data-url=\"http:\/\/vertienteglobal.com\/?p=194643\" data-lang=\"es\" data-related=\"Informaci\u00f3n general:S\u00edguenos para que est\u00e9ss informado\"><\/a><\/div>\n<figure class=\"wp-block-image size-large\"><img loading=\"lazy\" decoding=\"async\" width=\"1024\" height=\"600\" src=\"http:\/\/vertienteglobal.com\/wp-content\/uploads\/2021\/12\/1191744.jpg\" alt=\"\" class=\"wp-image-194644\" srcset=\"http:\/\/vertienteglobal.com\/wp-content\/uploads\/2021\/12\/1191744.jpg 1024w, http:\/\/vertienteglobal.com\/wp-content\/uploads\/2021\/12\/1191744-300x176.jpg 300w, http:\/\/vertienteglobal.com\/wp-content\/uploads\/2021\/12\/1191744-150x88.jpg 150w, http:\/\/vertienteglobal.com\/wp-content\/uploads\/2021\/12\/1191744-768x450.jpg 768w\" sizes=\"auto, (max-width: 1024px) 100vw, 1024px\" \/><\/figure>\n\n\n\n<p>(Redacci\u00f3n)<\/p>\n\n\n\n<p>En el rancho \u201cLos Tres Potrillos\u201d hay un \u00e1rbol ubicado en la entrada en el cual se encuentran cientos de golondrinas pecho amarillo cantando y acompa\u00f1ando literalmente a los fan\u00e1ticos que acuden a colocar flores y veladoras a Vicente Fern\u00e1ndez<\/p>\n\n\n\n<p>Huentit\u00e1n, El Alto, Jalisco a 12 de diciembre de 2021.-Cientos de fan\u00e1ticos se trasladan desde la ma\u00f1ana de este domingo a las afueras del rancho \u201cLos Tres Potrillos\u201d, ubicado en Huentit\u00e1n, El Alto, Jalisco, propiedad del cantante Vicente Fern\u00e1ndez, quien falleci\u00f3 a las 06:15 horas de este domingo.<\/p>\n\n\n\n<p>Y es que hacia el rancho ubicado en la ruta hacia la ciudad de Chapala, Jalisco, existe una larga fila de veh\u00edculos que buscan llegar a la propiedad del cantante que se encuentra tambi\u00e9n incluida en la gu\u00eda tur\u00edstica del estado de Jalisco.<\/p>\n\n\n\n<p>Cabe destacar que de acuerdo con im\u00e1genes difundidas por Noticieros Televisa, en el rancho \u201cLos Tres Potrillos\u201d hay un \u00e1rbol ubicado en la entrada en el cual se encuentran cientos de golondrinas pecho amarillo cantando y acompa\u00f1ando literalmente a los fan\u00e1ticos que acuden a colocar flores y veladoras a Vicente Fern\u00e1ndez.<\/p>\n\n\n\n<p>Algunos de los fan\u00e1ticos que se encuentran en el lugar lloran y cantan los principales temas del \u00eddolo de M\u00e9xico y recuerdan que en vida, a quienes llegaban a su rancho, si pod\u00eda, Vicente Fern\u00e1ndez les interpretaba sus canciones \u201cpara que se fueran contentos\u201d tras su visita.(Fuente:NoticierosTelevisa)<\/p>\n","protected":false},"excerpt":{"rendered":"<p>(Redacci\u00f3n) En el rancho \u201cLos Tres Potrillos\u201d hay un \u00e1rbol ubicado en la entrada en el cual se encuentran cientos de golondrinas pecho amarillo cantando y acompa\u00f1ando literalmente a los fan\u00e1ticos que acuden a colocar flores y veladoras a Vicente Fern\u00e1ndez Huentit\u00e1n, El Alto, Jalisco a 12 de diciembre de 2021.-Cientos de fan\u00e1ticos se trasladan [&hellip;]<\/p>\n","protected":false},"author":1,"featured_media":194644,"comment_status":"open","ping_status":"open","sticky":false,"template":"","format":"standard","meta":{"footnotes":""},"categories":[10,8],"tags":[],"class_list":["post-194643","post","type-post","status-publish","format-standard","has-post-thumbnail","hentry","category-espectaculos","category-pais","entry","has-media"],"jetpack_featured_media_url":"http:\/\/vertienteglobal.com\/wp-content\/uploads\/2021\/12\/1191744.jpg","_links":{"self":[{"href":"http:\/\/vertienteglobal.com\/index.php?rest_route=\/wp\/v2\/posts\/194643","targetHints":{"allow":["GET"]}}],"collection":[{"href":"http:\/\/vertienteglobal.com\/index.php?rest_route=\/wp\/v2\/posts"}],"about":[{"href":"http:\/\/vertienteglobal.com\/index.php?rest_route=\/wp\/v2\/types\/post"}],"author":[{"embeddable":true,"href":"http:\/\/vertienteglobal.com\/index.php?rest_route=\/wp\/v2\/users\/1"}],"replies":[{"embeddable":true,"href":"http:\/\/vertienteglobal.com\/index.php?rest_route=%2Fwp%2Fv2%2Fcomments&post=194643"}],"version-history":[{"count":0,"href":"http:\/\/vertienteglobal.com\/index.php?rest_route=\/wp\/v2\/posts\/194643\/revisions"}],"wp:featuredmedia":[{"embeddable":true,"href":"http:\/\/vertienteglobal.com\/index.php?rest_route=\/wp\/v2\/media\/194644"}],"wp:attachment":[{"href":"http:\/\/vertienteglobal.com\/index.php?rest_route=%2Fwp%2Fv2%2Fmedia&parent=194643"}],"wp:term":[{"taxonomy":"category","embeddable":true,"href":"http:\/\/vertienteglobal.com\/index.php?rest_route=%2Fwp%2Fv2%2Fcategories&post=194643"},{"taxonomy":"post_tag","embeddable":true,"href":"http:\/\/vertienteglobal.com\/index.php?rest_route=%2Fwp%2Fv2%2Ftags&post=194643"}],"curies":[{"name":"wp","href":"https:\/\/api.w.org\/{rel}","templated":true}]}}