{"id":194636,"date":"2021-12-12T08:51:00","date_gmt":"2021-12-12T14:51:00","guid":{"rendered":"http:\/\/vertienteglobal.com\/?p=194636"},"modified":"2021-12-12T09:38:43","modified_gmt":"2021-12-12T15:38:43","slug":"hay-disposicion-del-gobierno-federal-para-despedir-a-vicente-fernandez-en-bellas-artes-secretaria-de-cultura","status":"publish","type":"post","link":"http:\/\/vertienteglobal.com\/?p=194636","title":{"rendered":"Hay disposici\u00f3n del gobierno federal para despedir a Vicente Fernandez en Bellas Artes: secretaria de Cultura"},"content":{"rendered":"\n<div class=\"twitterbutton\" style=\"float: right; padding-left: 5px;\"><a href=\"http:\/\/twitter.com\/share\" class=\"twitter-share-button\" data-count=\"horizontal\" data-text=\"Hay disposici\u00f3n del gobierno federal para despedir a Vicente Fernandez en Bella...\" data-via=\"https:\/\/twitter.com\/VertienteGloba1\" data-url=\"http:\/\/vertienteglobal.com\/?p=194636\" data-lang=\"es\" data-related=\"Informaci\u00f3n general:S\u00edguenos para que est\u00e9ss informado\"><\/a><\/div>\n<figure class=\"wp-block-image size-large\"><img loading=\"lazy\" decoding=\"async\" width=\"1024\" height=\"683\" src=\"http:\/\/vertienteglobal.com\/wp-content\/uploads\/2021\/12\/1191730.jpg\" alt=\"\" class=\"wp-image-194637\" srcset=\"http:\/\/vertienteglobal.com\/wp-content\/uploads\/2021\/12\/1191730.jpg 1024w, http:\/\/vertienteglobal.com\/wp-content\/uploads\/2021\/12\/1191730-300x200.jpg 300w, http:\/\/vertienteglobal.com\/wp-content\/uploads\/2021\/12\/1191730-150x100.jpg 150w, http:\/\/vertienteglobal.com\/wp-content\/uploads\/2021\/12\/1191730-768x512.jpg 768w\" sizes=\"auto, (max-width: 1024px) 100vw, 1024px\" \/><\/figure>\n\n\n\n<p>(Redacci\u00f3n)<\/p>\n\n\n\n<p>El gobierno federal est\u00e1 a disposici\u00f3n de su familia para realizarle, si as\u00ed lo desean, una multitudinaria despedida en el palacio de Bellas Artes<\/p>\n\n\n\n<p>Ciudad de M\u00e9xico a 12 de diciembre de 2021.-Hay disposici\u00f3n del gobierno federal para despedir a Vicente Fern\u00e1ndez en Bellas Artes, manifest\u00f3 la secretaria de Cultura, Alejandra Frautro, quien lament\u00f3 que \u00abse va un grande que aunque deja un legado en su hijo Alejandro Fern\u00e1ndez, es obligado despedirlo con homenajes\u00bb.<\/p>\n\n\n\n<p>Y es que en entrevista con la periodista Karla Iberia S\u00e1nchez, la funcionaria federal destac\u00f3 que Vicente Fern\u00e1ndez debe tener una despedida igual que las multitudinarias presentaciones que realizaba.<\/p>\n\n\n\n<p>Afirm\u00f3 que el cantante deleitaba a los mexicanos y al mundo durante m\u00e1s de cinco horas en sus conciertos, dedic\u00e1ndoles sus temas con todo su coraz\u00f3n por lo que subray\u00f3 que el gobierno federal est\u00e1 a disposici\u00f3n de su familia para realizarle, si as\u00ed lo desean, una multitudinaria despedida en el palacio de Bellas Artes.<\/p>\n","protected":false},"excerpt":{"rendered":"<p>(Redacci\u00f3n) El gobierno federal est\u00e1 a disposici\u00f3n de su familia para realizarle, si as\u00ed lo desean, una multitudinaria despedida en el palacio de Bellas Artes Ciudad de M\u00e9xico a 12 de diciembre de 2021.-Hay disposici\u00f3n del gobierno federal para despedir a Vicente Fern\u00e1ndez en Bellas Artes, manifest\u00f3 la secretaria de Cultura, Alejandra Frautro, quien lament\u00f3 [&hellip;]<\/p>\n","protected":false},"author":6,"featured_media":194638,"comment_status":"open","ping_status":"open","sticky":false,"template":"","format":"standard","meta":{"footnotes":""},"categories":[10,8],"tags":[],"class_list":["post-194636","post","type-post","status-publish","format-standard","has-post-thumbnail","hentry","category-espectaculos","category-pais","entry","has-media"],"jetpack_featured_media_url":"http:\/\/vertienteglobal.com\/wp-content\/uploads\/2021\/12\/1191730-1.jpg","_links":{"self":[{"href":"http:\/\/vertienteglobal.com\/index.php?rest_route=\/wp\/v2\/posts\/194636","targetHints":{"allow":["GET"]}}],"collection":[{"href":"http:\/\/vertienteglobal.com\/index.php?rest_route=\/wp\/v2\/posts"}],"about":[{"href":"http:\/\/vertienteglobal.com\/index.php?rest_route=\/wp\/v2\/types\/post"}],"author":[{"embeddable":true,"href":"http:\/\/vertienteglobal.com\/index.php?rest_route=\/wp\/v2\/users\/6"}],"replies":[{"embeddable":true,"href":"http:\/\/vertienteglobal.com\/index.php?rest_route=%2Fwp%2Fv2%2Fcomments&post=194636"}],"version-history":[{"count":0,"href":"http:\/\/vertienteglobal.com\/index.php?rest_route=\/wp\/v2\/posts\/194636\/revisions"}],"wp:featuredmedia":[{"embeddable":true,"href":"http:\/\/vertienteglobal.com\/index.php?rest_route=\/wp\/v2\/media\/194638"}],"wp:attachment":[{"href":"http:\/\/vertienteglobal.com\/index.php?rest_route=%2Fwp%2Fv2%2Fmedia&parent=194636"}],"wp:term":[{"taxonomy":"category","embeddable":true,"href":"http:\/\/vertienteglobal.com\/index.php?rest_route=%2Fwp%2Fv2%2Fcategories&post=194636"},{"taxonomy":"post_tag","embeddable":true,"href":"http:\/\/vertienteglobal.com\/index.php?rest_route=%2Fwp%2Fv2%2Ftags&post=194636"}],"curies":[{"name":"wp","href":"https:\/\/api.w.org\/{rel}","templated":true}]}}