{"id":194615,"date":"2021-12-11T23:58:55","date_gmt":"2021-12-12T05:58:55","guid":{"rendered":"http:\/\/vertienteglobal.com\/?p=194615"},"modified":"2021-12-12T00:54:30","modified_gmt":"2021-12-12T06:54:30","slug":"llegan-a-cantar-las-mananitas-a-la-virgen-de-guadalupe-en-veracruz","status":"publish","type":"post","link":"http:\/\/vertienteglobal.com\/?p=194615","title":{"rendered":"Cantan peregrinos las ma\u00f1anitas a la Virgen de Guadalupe en Veracruz"},"content":{"rendered":"\n<div class=\"twitterbutton\" style=\"float: right; padding-left: 5px;\"><a href=\"http:\/\/twitter.com\/share\" class=\"twitter-share-button\" data-count=\"horizontal\" data-text=\"Cantan peregrinos las ma\u00f1anitas a la Virgen de Guadalupe en Veracruz\" data-via=\"https:\/\/twitter.com\/VertienteGloba1\" data-url=\"http:\/\/vertienteglobal.com\/?p=194615\" data-lang=\"es\" data-related=\"Informaci\u00f3n general:S\u00edguenos para que est\u00e9ss informado\"><\/a><\/div>\n<figure class=\"wp-block-image size-large\"><img loading=\"lazy\" decoding=\"async\" width=\"1024\" height=\"683\" src=\"http:\/\/vertienteglobal.com\/wp-content\/uploads\/2021\/12\/1191710.jpg\" alt=\"\" class=\"wp-image-194616\" srcset=\"http:\/\/vertienteglobal.com\/wp-content\/uploads\/2021\/12\/1191710.jpg 1024w, http:\/\/vertienteglobal.com\/wp-content\/uploads\/2021\/12\/1191710-300x200.jpg 300w, http:\/\/vertienteglobal.com\/wp-content\/uploads\/2021\/12\/1191710-150x100.jpg 150w, http:\/\/vertienteglobal.com\/wp-content\/uploads\/2021\/12\/1191710-768x512.jpg 768w\" sizes=\"auto, (max-width: 1024px) 100vw, 1024px\" \/><\/figure>\n\n\n\n<p>(Redacci\u00f3n)<\/p>\n\n\n\n<p>Este 12 de diciembre habr\u00e1 misas a las 9:00 y 11:00 de la ma\u00f1ana, 1:00 de la tarde y 7:00 de la noche<\/p>\n\n\n\n<p>Veracruz, Veracruz a 11 de diciembre de 2021.-Como cada a\u00f1o, horas antes del 12 de diciembre, d\u00eda de la Virgen de Guadalupe los fieles se congregaron en la catedral de Veracruz para entonar las ma\u00f1anitas la morenita del Tepeyac.<\/p>\n\n\n\n<p>Peregrinaciones en carros y en moto pasar\u00e1n por las catedral y despu\u00e9s se dirig\u00edan al santuario Nuestra Se\u00f1ora de Guadalupe, \u201cLa Lupita\u201d, ubicada en Pino Su\u00e1rez.<\/p>\n\n\n\n<p>A las 7:00 de la noche hubo una misa en catedral, despu\u00e9s de haber concluido la gente lleg\u00f3 para hacer ofrendas a la Virgen.<\/p>\n\n\n\n<p>A diferencia de a\u00f1os anteriores, por segunda ocasi\u00f3n no hubo peregrinaci\u00f3n a la catedral, s\u00f3lo rosarios que llevaban a cabo las agrupaciones de la iglesia y distintos sectores de la ciudad.<\/p>\n\n\n\n<p>En las calles, peregrinaciones de camiones iluminaban con sus adornos a Veracruz\u2026 los motociclistas y taxistas tambi\u00e9n celebraron a la Guadalupana.<\/p>\n\n\n\n<p>Este 12 de diciembre habr\u00e1 misas a las 9:00 y 11:00 de la ma\u00f1ana, 1:00 de la tarde y 7:00 de la noche.<\/p>\n\n\n\n<p>Cabe destacar que cada hora desde las 9:00 de la ma\u00f1ana hasta las 7:00 de la noche habr\u00e1 bendici\u00f3n de inditos.<\/p>\n","protected":false},"excerpt":{"rendered":"<p>(Redacci\u00f3n) Este 12 de diciembre habr\u00e1 misas a las 9:00 y 11:00 de la ma\u00f1ana, 1:00 de la tarde y 7:00 de la noche Veracruz, Veracruz a 11 de diciembre de 2021.-Como cada a\u00f1o, horas antes del 12 de diciembre, d\u00eda de la Virgen de Guadalupe los fieles se congregaron en la catedral de Veracruz [&hellip;]<\/p>\n","protected":false},"author":6,"featured_media":194616,"comment_status":"open","ping_status":"open","sticky":false,"template":"","format":"standard","meta":{"footnotes":""},"categories":[7],"tags":[],"class_list":["post-194615","post","type-post","status-publish","format-standard","has-post-thumbnail","hentry","category-veracruz","entry","has-media"],"jetpack_featured_media_url":"http:\/\/vertienteglobal.com\/wp-content\/uploads\/2021\/12\/1191710.jpg","_links":{"self":[{"href":"http:\/\/vertienteglobal.com\/index.php?rest_route=\/wp\/v2\/posts\/194615","targetHints":{"allow":["GET"]}}],"collection":[{"href":"http:\/\/vertienteglobal.com\/index.php?rest_route=\/wp\/v2\/posts"}],"about":[{"href":"http:\/\/vertienteglobal.com\/index.php?rest_route=\/wp\/v2\/types\/post"}],"author":[{"embeddable":true,"href":"http:\/\/vertienteglobal.com\/index.php?rest_route=\/wp\/v2\/users\/6"}],"replies":[{"embeddable":true,"href":"http:\/\/vertienteglobal.com\/index.php?rest_route=%2Fwp%2Fv2%2Fcomments&post=194615"}],"version-history":[{"count":0,"href":"http:\/\/vertienteglobal.com\/index.php?rest_route=\/wp\/v2\/posts\/194615\/revisions"}],"wp:featuredmedia":[{"embeddable":true,"href":"http:\/\/vertienteglobal.com\/index.php?rest_route=\/wp\/v2\/media\/194616"}],"wp:attachment":[{"href":"http:\/\/vertienteglobal.com\/index.php?rest_route=%2Fwp%2Fv2%2Fmedia&parent=194615"}],"wp:term":[{"taxonomy":"category","embeddable":true,"href":"http:\/\/vertienteglobal.com\/index.php?rest_route=%2Fwp%2Fv2%2Fcategories&post=194615"},{"taxonomy":"post_tag","embeddable":true,"href":"http:\/\/vertienteglobal.com\/index.php?rest_route=%2Fwp%2Fv2%2Ftags&post=194615"}],"curies":[{"name":"wp","href":"https:\/\/api.w.org\/{rel}","templated":true}]}}