{"id":194503,"date":"2021-12-10T13:50:00","date_gmt":"2021-12-10T19:50:00","guid":{"rendered":"http:\/\/vertienteglobal.com\/?p=194503"},"modified":"2021-12-10T15:26:27","modified_gmt":"2021-12-10T21:26:27","slug":"reconoce-gobierno-de-cancun-a-trabajadores-turisticos","status":"publish","type":"post","link":"http:\/\/vertienteglobal.com\/?p=194503","title":{"rendered":"Reconoce gobierno de Canc\u00fan a trabajadores tur\u00edsticos"},"content":{"rendered":"\n<div class=\"twitterbutton\" style=\"float: right; padding-left: 5px;\"><a href=\"http:\/\/twitter.com\/share\" class=\"twitter-share-button\" data-count=\"horizontal\" data-text=\"Reconoce gobierno de Canc\u00fan a trabajadores tur\u00edsticos\" data-via=\"https:\/\/twitter.com\/VertienteGloba1\" data-url=\"http:\/\/vertienteglobal.com\/?p=194503\" data-lang=\"es\" data-related=\"Informaci\u00f3n general:S\u00edguenos para que est\u00e9ss informado\"><\/a><\/div>\n<figure class=\"wp-block-image size-large\"><img loading=\"lazy\" decoding=\"async\" width=\"692\" height=\"360\" src=\"http:\/\/vertienteglobal.com\/wp-content\/uploads\/2021\/12\/WhatsApp-Image-2021-12-10-at-2.17.18-PM-692x360-1.jpeg\" alt=\"\" class=\"wp-image-194504\" srcset=\"http:\/\/vertienteglobal.com\/wp-content\/uploads\/2021\/12\/WhatsApp-Image-2021-12-10-at-2.17.18-PM-692x360-1.jpeg 692w, http:\/\/vertienteglobal.com\/wp-content\/uploads\/2021\/12\/WhatsApp-Image-2021-12-10-at-2.17.18-PM-692x360-1-300x156.jpeg 300w, http:\/\/vertienteglobal.com\/wp-content\/uploads\/2021\/12\/WhatsApp-Image-2021-12-10-at-2.17.18-PM-692x360-1-150x78.jpeg 150w\" sizes=\"auto, (max-width: 692px) 100vw, 692px\" \/><\/figure>\n\n\n\n<p>(Redacci\u00f3n)<\/p>\n\n\n\n<p>15 colaboradores de varias empresas en la s\u00e9ptima edici\u00f3n del programa \u201cCanc\u00fan tiene Estrella\u201d<\/p>\n\n\n\n<p>Canc\u00fan, Quintana Roo a 10 de diciembre de 2021.- El gobierno de Benito Ju\u00e1rez realiz\u00f3 la s\u00e9ptima edici\u00f3n de reconocimientos del programa \u201cCanc\u00fan tiene Estrella\u201d, que premia la entrega, calidad, calidez y honestidad de las acciones as\u00ed como el trabajo extraordinario que realizan los colaboradores del sector tur\u00edstico hacia los visitantes nacionales e internacionales que arriban al destino.<\/p>\n\n\n\n<p>La Presidenta Municipal Mara Lezama refrend\u00f3 que el \u00e9xito del liderazgo tur\u00edstico de Canc\u00fan, no solo se encuentra en las bellezas naturales, sino en la funci\u00f3n de los colaboradores, ya que son quienes hacen sentir a un turista que ha viajado desde miles de kil\u00f3metros, como si estuviera en casa.<\/p>\n\n\n\n<p>\u201cSomos un gobierno diferente, queremos romper con las viejas formas de gobernar y una gesti\u00f3n que camina a ras de piso adem\u00e1s de poner en la prioridad de lo p\u00fablico a las personas. No podemos poder en la prioridad de las empresas la tecnolog\u00eda o un escritorio, lo m\u00e1s importante son los trabajadores\u201d, afirm\u00f3.<\/p>\n\n\n\n<p>Mara Lezama puntualiz\u00f3 que el que Canc\u00fan est\u00e9 de pie y sea ejemplo de recuperaci\u00f3n econ\u00f3mica se debe en gran medida a los trabajadores del ramo, por lo que en esta edici\u00f3n se recibieron m\u00e1s de 170 nominados en diferentes categor\u00edas, quienes fueron propuestos por 44 empresas por su compromiso y voluntad de servir.<\/p>\n\n\n\n<p>\u201cSi nos preguntaran porqu\u00e9 Canc\u00fan tiene los n\u00fameros que tiene es por ustedes, desde el chofer del cami\u00f3n, la persona de la construcci\u00f3n, la camarista que tiende la cama, le sonr\u00ede al hu\u00e9sped y le dice: vuelve pronto; la agencia de viajes, el chef\u201d, dijo.<\/p>\n\n\n\n<p>El director de Turismo Municipal, Jorge Luis T\u00e9llez Vignet, record\u00f3 que este galard\u00f3n que inici\u00f3 en 1992 fue retomado por la anterior gesti\u00f3n para condecorar el profesionalismo que le imprimen todos los d\u00edas a sus encomiendas laborales.<\/p>\n\n\n\n<p>\u201cSon ustedes el orgullo de Canc\u00fan; pr\u00e1cticamente son el modelo de toda la gente que queremos que se contagie y vaya a su trabajo con el mejor \u00e1nimo\u201d, dijo.<\/p>\n\n\n\n<figure class=\"wp-block-image size-large\"><img loading=\"lazy\" decoding=\"async\" width=\"1024\" height=\"645\" src=\"http:\/\/vertienteglobal.com\/wp-content\/uploads\/2021\/12\/WhatsApp-Image-2021-12-10-at-2.17.d18-PM-1024x645.jpeg\" alt=\"\" class=\"wp-image-194505\" srcset=\"http:\/\/vertienteglobal.com\/wp-content\/uploads\/2021\/12\/WhatsApp-Image-2021-12-10-at-2.17.d18-PM-1024x645.jpeg 1024w, http:\/\/vertienteglobal.com\/wp-content\/uploads\/2021\/12\/WhatsApp-Image-2021-12-10-at-2.17.d18-PM-300x189.jpeg 300w, http:\/\/vertienteglobal.com\/wp-content\/uploads\/2021\/12\/WhatsApp-Image-2021-12-10-at-2.17.d18-PM-150x94.jpeg 150w, http:\/\/vertienteglobal.com\/wp-content\/uploads\/2021\/12\/WhatsApp-Image-2021-12-10-at-2.17.d18-PM-768x484.jpeg 768w, http:\/\/vertienteglobal.com\/wp-content\/uploads\/2021\/12\/WhatsApp-Image-2021-12-10-at-2.17.d18-PM.jpeg 1280w\" sizes=\"auto, (max-width: 1024px) 100vw, 1024px\" \/><\/figure>\n\n\n\n<figure class=\"wp-block-image size-large\"><img loading=\"lazy\" decoding=\"async\" width=\"1024\" height=\"725\" src=\"http:\/\/vertienteglobal.com\/wp-content\/uploads\/2021\/12\/WhatsApp-Image-2021-12-10-at-2.17.19-PM-1024x725.jpeg\" alt=\"\" class=\"wp-image-194506\" srcset=\"http:\/\/vertienteglobal.com\/wp-content\/uploads\/2021\/12\/WhatsApp-Image-2021-12-10-at-2.17.19-PM-1024x725.jpeg 1024w, http:\/\/vertienteglobal.com\/wp-content\/uploads\/2021\/12\/WhatsApp-Image-2021-12-10-at-2.17.19-PM-300x212.jpeg 300w, http:\/\/vertienteglobal.com\/wp-content\/uploads\/2021\/12\/WhatsApp-Image-2021-12-10-at-2.17.19-PM-150x106.jpeg 150w, http:\/\/vertienteglobal.com\/wp-content\/uploads\/2021\/12\/WhatsApp-Image-2021-12-10-at-2.17.19-PM-768x544.jpeg 768w, http:\/\/vertienteglobal.com\/wp-content\/uploads\/2021\/12\/WhatsApp-Image-2021-12-10-at-2.17.19-PM.jpeg 1280w\" sizes=\"auto, (max-width: 1024px) 100vw, 1024px\" \/><\/figure>\n\n\n\n<figure class=\"wp-block-image size-large\"><img loading=\"lazy\" decoding=\"async\" width=\"1024\" height=\"768\" src=\"http:\/\/vertienteglobal.com\/wp-content\/uploads\/2021\/12\/WhatsApp-Image-2021-12-10-at-10.03.26-AM-2.jpeg\" alt=\"\" class=\"wp-image-194507\" srcset=\"http:\/\/vertienteglobal.com\/wp-content\/uploads\/2021\/12\/WhatsApp-Image-2021-12-10-at-10.03.26-AM-2.jpeg 1024w, http:\/\/vertienteglobal.com\/wp-content\/uploads\/2021\/12\/WhatsApp-Image-2021-12-10-at-10.03.26-AM-2-300x225.jpeg 300w, http:\/\/vertienteglobal.com\/wp-content\/uploads\/2021\/12\/WhatsApp-Image-2021-12-10-at-10.03.26-AM-2-150x113.jpeg 150w, http:\/\/vertienteglobal.com\/wp-content\/uploads\/2021\/12\/WhatsApp-Image-2021-12-10-at-10.03.26-AM-2-768x576.jpeg 768w\" sizes=\"auto, (max-width: 1024px) 100vw, 1024px\" \/><\/figure>\n","protected":false},"excerpt":{"rendered":"<p>(Redacci\u00f3n) 15 colaboradores de varias empresas en la s\u00e9ptima edici\u00f3n del programa \u201cCanc\u00fan tiene Estrella\u201d Canc\u00fan, Quintana Roo a 10 de diciembre de 2021.- El gobierno de Benito Ju\u00e1rez realiz\u00f3 la s\u00e9ptima edici\u00f3n de reconocimientos del programa \u201cCanc\u00fan tiene Estrella\u201d, que premia la entrega, calidad, calidez y honestidad de las acciones as\u00ed como el trabajo [&hellip;]<\/p>\n","protected":false},"author":1,"featured_media":194504,"comment_status":"open","ping_status":"open","sticky":false,"template":"","format":"standard","meta":{"footnotes":""},"categories":[3],"tags":[],"class_list":["post-194503","post","type-post","status-publish","format-standard","has-post-thumbnail","hentry","category-quintana-roo","entry","has-media"],"jetpack_featured_media_url":"http:\/\/vertienteglobal.com\/wp-content\/uploads\/2021\/12\/WhatsApp-Image-2021-12-10-at-2.17.18-PM-692x360-1.jpeg","_links":{"self":[{"href":"http:\/\/vertienteglobal.com\/index.php?rest_route=\/wp\/v2\/posts\/194503","targetHints":{"allow":["GET"]}}],"collection":[{"href":"http:\/\/vertienteglobal.com\/index.php?rest_route=\/wp\/v2\/posts"}],"about":[{"href":"http:\/\/vertienteglobal.com\/index.php?rest_route=\/wp\/v2\/types\/post"}],"author":[{"embeddable":true,"href":"http:\/\/vertienteglobal.com\/index.php?rest_route=\/wp\/v2\/users\/1"}],"replies":[{"embeddable":true,"href":"http:\/\/vertienteglobal.com\/index.php?rest_route=%2Fwp%2Fv2%2Fcomments&post=194503"}],"version-history":[{"count":0,"href":"http:\/\/vertienteglobal.com\/index.php?rest_route=\/wp\/v2\/posts\/194503\/revisions"}],"wp:featuredmedia":[{"embeddable":true,"href":"http:\/\/vertienteglobal.com\/index.php?rest_route=\/wp\/v2\/media\/194504"}],"wp:attachment":[{"href":"http:\/\/vertienteglobal.com\/index.php?rest_route=%2Fwp%2Fv2%2Fmedia&parent=194503"}],"wp:term":[{"taxonomy":"category","embeddable":true,"href":"http:\/\/vertienteglobal.com\/index.php?rest_route=%2Fwp%2Fv2%2Fcategories&post=194503"},{"taxonomy":"post_tag","embeddable":true,"href":"http:\/\/vertienteglobal.com\/index.php?rest_route=%2Fwp%2Fv2%2Ftags&post=194503"}],"curies":[{"name":"wp","href":"https:\/\/api.w.org\/{rel}","templated":true}]}}