{"id":193718,"date":"2021-11-30T09:24:00","date_gmt":"2021-11-30T15:24:00","guid":{"rendered":"http:\/\/vertienteglobal.com\/?p=193718"},"modified":"2021-11-30T09:40:45","modified_gmt":"2021-11-30T15:40:45","slug":"uso-de-cubrebocas-en-informe-en-el-zocalo-no-sera-obligatorio-lopez-obrador","status":"publish","type":"post","link":"http:\/\/vertienteglobal.com\/?p=193718","title":{"rendered":"Uso de cubrebocas en informe en el Z\u00f3calo no ser\u00e1 obligatorio: L\u00f3pez Obrador"},"content":{"rendered":"\n<div class=\"twitterbutton\" style=\"float: right; padding-left: 5px;\"><a href=\"http:\/\/twitter.com\/share\" class=\"twitter-share-button\" data-count=\"horizontal\" data-text=\"Uso de cubrebocas en informe en el Z\u00f3calo no ser\u00e1 obligatorio: L\u00f3pez Obrador\" data-via=\"https:\/\/twitter.com\/VertienteGloba1\" data-url=\"http:\/\/vertienteglobal.com\/?p=193718\" data-lang=\"es\" data-related=\"Informaci\u00f3n general:S\u00edguenos para que est\u00e9ss informado\"><\/a><\/div>\n<figure class=\"wp-block-image size-large\"><img loading=\"lazy\" decoding=\"async\" width=\"1024\" height=\"683\" src=\"http:\/\/vertienteglobal.com\/wp-content\/uploads\/2021\/11\/162317.jpg\" alt=\"\" class=\"wp-image-193719\" srcset=\"http:\/\/vertienteglobal.com\/wp-content\/uploads\/2021\/11\/162317.jpg 1024w, http:\/\/vertienteglobal.com\/wp-content\/uploads\/2021\/11\/162317-300x200.jpg 300w, http:\/\/vertienteglobal.com\/wp-content\/uploads\/2021\/11\/162317-150x100.jpg 150w, http:\/\/vertienteglobal.com\/wp-content\/uploads\/2021\/11\/162317-768x512.jpg 768w\" sizes=\"auto, (max-width: 1024px) 100vw, 1024px\" \/><\/figure>\n\n\n\n<p>(Redacci\u00f3n)<\/p>\n\n\n\n<p>El mandatario nacional asegur\u00f3 que la poblaci\u00f3n del pa\u00eds ha aprendido a cuidarse de la pandemia de Covid-19 luego de m\u00e1s de un a\u00f1o de la presencia del virus<\/p>\n\n\n\n<p>Ciudad de M\u00e9xico a 30 de noviembre de 2021.-El presidente de M\u00e9xico, Andr\u00e9s Manuel L\u00f3pez Obrador, inform\u00f3 que no se solicitar\u00e1 el uso de cubrebocas a los asistentes de su nuevo informe de Gobierno<\/p>\n\n\n\n<p>Sobre el evento que se realizar\u00e1 este 1 de diciembre, refiri\u00f3 lo siguiente: \u201cel que quiera llevar cubrebocas lo puede hacer, se protege uno con el cubrebocas, pero acu\u00e9rdense desde que inici\u00f3 la pandemia, pero desde antes, nosotros estamos en contra del autoritarismo, siempre hemos estado\u2026 prohibido prohibir\u201d<\/p>\n\n\n\n<p>El mandatario nacional asegur\u00f3 que la poblaci\u00f3n del pa\u00eds ha aprendido a cuidarse de la pandemia de Covid-19 luego de m\u00e1s de un a\u00f1o de la presencia del virus.<\/p>\n\n\n\n<p>Cabe destacar que el mandatario rendir\u00e1 su informe en el Z\u00f3calo de la Ciudad de M\u00e9xico luego de dos a\u00f1os de realizar esta actividad a puerta cerrada.(Fuente: El Financiero)<\/p>\n","protected":false},"excerpt":{"rendered":"<p>(Redacci\u00f3n) El mandatario nacional asegur\u00f3 que la poblaci\u00f3n del pa\u00eds ha aprendido a cuidarse de la pandemia de Covid-19 luego de m\u00e1s de un a\u00f1o de la presencia del virus Ciudad de M\u00e9xico a 30 de noviembre de 2021.-El presidente de M\u00e9xico, Andr\u00e9s Manuel L\u00f3pez Obrador, inform\u00f3 que no se solicitar\u00e1 el uso de cubrebocas [&hellip;]<\/p>\n","protected":false},"author":1,"featured_media":193719,"comment_status":"open","ping_status":"open","sticky":false,"template":"","format":"standard","meta":{"footnotes":""},"categories":[8],"tags":[],"class_list":["post-193718","post","type-post","status-publish","format-standard","has-post-thumbnail","hentry","category-pais","entry","has-media"],"jetpack_featured_media_url":"http:\/\/vertienteglobal.com\/wp-content\/uploads\/2021\/11\/162317.jpg","_links":{"self":[{"href":"http:\/\/vertienteglobal.com\/index.php?rest_route=\/wp\/v2\/posts\/193718","targetHints":{"allow":["GET"]}}],"collection":[{"href":"http:\/\/vertienteglobal.com\/index.php?rest_route=\/wp\/v2\/posts"}],"about":[{"href":"http:\/\/vertienteglobal.com\/index.php?rest_route=\/wp\/v2\/types\/post"}],"author":[{"embeddable":true,"href":"http:\/\/vertienteglobal.com\/index.php?rest_route=\/wp\/v2\/users\/1"}],"replies":[{"embeddable":true,"href":"http:\/\/vertienteglobal.com\/index.php?rest_route=%2Fwp%2Fv2%2Fcomments&post=193718"}],"version-history":[{"count":0,"href":"http:\/\/vertienteglobal.com\/index.php?rest_route=\/wp\/v2\/posts\/193718\/revisions"}],"wp:featuredmedia":[{"embeddable":true,"href":"http:\/\/vertienteglobal.com\/index.php?rest_route=\/wp\/v2\/media\/193719"}],"wp:attachment":[{"href":"http:\/\/vertienteglobal.com\/index.php?rest_route=%2Fwp%2Fv2%2Fmedia&parent=193718"}],"wp:term":[{"taxonomy":"category","embeddable":true,"href":"http:\/\/vertienteglobal.com\/index.php?rest_route=%2Fwp%2Fv2%2Fcategories&post=193718"},{"taxonomy":"post_tag","embeddable":true,"href":"http:\/\/vertienteglobal.com\/index.php?rest_route=%2Fwp%2Fv2%2Ftags&post=193718"}],"curies":[{"name":"wp","href":"https:\/\/api.w.org\/{rel}","templated":true}]}}