{"id":193664,"date":"2021-11-29T20:51:13","date_gmt":"2021-11-30T02:51:13","guid":{"rendered":"http:\/\/vertienteglobal.com\/?p=193664"},"modified":"2021-11-30T04:54:26","modified_gmt":"2021-11-30T10:54:26","slug":"cabildo-de-tulum-instala-comision-de-turismo","status":"publish","type":"post","link":"http:\/\/vertienteglobal.com\/?p=193664","title":{"rendered":"Cabildo de Tulum instala Comisi\u00f3n de Turismo"},"content":{"rendered":"\n<div class=\"twitterbutton\" style=\"float: right; padding-left: 5px;\"><a href=\"http:\/\/twitter.com\/share\" class=\"twitter-share-button\" data-count=\"horizontal\" data-text=\"Cabildo de Tulum instala Comisi\u00f3n de Turismo\" data-via=\"https:\/\/twitter.com\/VertienteGloba1\" data-url=\"http:\/\/vertienteglobal.com\/?p=193664\" data-lang=\"es\" data-related=\"Informaci\u00f3n general:S\u00edguenos para que est\u00e9ss informado\"><\/a><\/div>\n<figure class=\"wp-block-image size-large\"><img loading=\"lazy\" decoding=\"async\" width=\"1024\" height=\"827\" src=\"http:\/\/vertienteglobal.com\/wp-content\/uploads\/2021\/11\/IMG-20211129-WA0163-1024x827.jpg\" alt=\"\" class=\"wp-image-193665\" srcset=\"http:\/\/vertienteglobal.com\/wp-content\/uploads\/2021\/11\/IMG-20211129-WA0163-1024x827.jpg 1024w, http:\/\/vertienteglobal.com\/wp-content\/uploads\/2021\/11\/IMG-20211129-WA0163-300x242.jpg 300w, http:\/\/vertienteglobal.com\/wp-content\/uploads\/2021\/11\/IMG-20211129-WA0163-150x121.jpg 150w, http:\/\/vertienteglobal.com\/wp-content\/uploads\/2021\/11\/IMG-20211129-WA0163-768x620.jpg 768w, http:\/\/vertienteglobal.com\/wp-content\/uploads\/2021\/11\/IMG-20211129-WA0163.jpg 1280w\" sizes=\"auto, (max-width: 1024px) 100vw, 1024px\" \/><\/figure>\n\n\n\n<p>(Redacci\u00f3n)<\/p>\n\n\n\n<p>Para el per\u00edodo constitucional 2021-2024, este \u00f3rgano colegiado municipal estar\u00e1 integrado, adem\u00e1s de Mendoza Samos, por los regidores Paulina Yadira Malpica Y\u00e1\u00f1ez y David Tah Balam<\/p>\n\n\n\n<p>Tulum, quintana Roo a 29 de noviembre de 2021.-La segunda regidora Beatr\u00edz Anah\u00ed Mendoza Samos encabez\u00f3 la instalaci\u00f3n y puesta en marcha de los trabajos de la Comisi\u00f3n de Turismo Industria, Comercio y Asuntos Agropecuarios del Ayuntamiento de Tulum durante un acto encabezado por el presidente municipal Marciano Dzul Caamal #MDC.<\/p>\n\n\n\n<p>Conforme a lo especificado en la Ley de los Municipios del Estado de Quintana Roo, esta Comisi\u00f3n es de car\u00e1cter ordinario y entre sus responsabilidades destacan:<\/p>\n\n\n\n<p>-Estudiar y dictaminar las propuestas en materia tur\u00edstica del municipio<br>-Supervisar que se ejecuten las disposiciones y acuerdos en materia tur\u00edstica<\/p>\n\n\n\n<p>Para el per\u00edodo constitucional 2021-2024, este \u00f3rgano colegiado municipal estar\u00e1 integrado, adem\u00e1s de Mendoza Samos, por los regidores Paulina Yadira Malpica Y\u00e1\u00f1ez y David Tah Balam.<\/p>\n\n\n\n<p>Tras manifestar su deseo de llevar a buen puerto la agenda tur\u00edstica municipal, Beatriz Anah\u00ed Mendoza Samos inform\u00f3 que la agenda tur\u00edstica municipal se est\u00e1 trabajando desde el 1 de septiembre entre ciudadanos, empresarios, funcionarios y Cabildo con base en la visi\u00f3n y compromisos del alcalde #MDC.<\/p>\n\n\n\n<p>\u201cTulum va en franca recuperaci\u00f3n en la post pandemia. Y nuestro presidente municipal quiere que no se pierda ese auge\u201d, indic\u00f3 la segunda regidora quien reiter\u00f3 que la Comisi\u00f3n desempe\u00f1ar\u00e1 sus funciones bajo una pol\u00edtica de puertas abiertas tal y como lo hace el mun\u00edcipe.<\/p>\n\n\n\n<p>A la instalaci\u00f3n de la Comisi\u00f3n de Turismo, Industria, Comercio y Asuntos Agropecuarios del Ayuntamiento de Tulum asistieron tambi\u00e9n los regidores Eva Rosely Rocha Heded, Carlos Coral Basulto e Iv\u00e1n Alfredo Dzul Caba\u00f1as. As\u00ed mismo estuvieron presentes, Sonia S\u00e1nchez Che, titular de la Unidad de Transparencia; Maribel Cruz Rodr\u00edguez, directora de Planeaci\u00f3n, Vinculaci\u00f3n y Profesionalizaci\u00f3n; y Neidy Gorocica, promoci\u00f3n tur\u00edstica.<\/p>\n\n\n\n<figure class=\"wp-block-image size-large\"><img loading=\"lazy\" decoding=\"async\" width=\"1024\" height=\"682\" src=\"http:\/\/vertienteglobal.com\/wp-content\/uploads\/2021\/11\/IMG-20211129-WA0165-1024x682.jpg\" alt=\"\" class=\"wp-image-193666\" srcset=\"http:\/\/vertienteglobal.com\/wp-content\/uploads\/2021\/11\/IMG-20211129-WA0165-1024x682.jpg 1024w, http:\/\/vertienteglobal.com\/wp-content\/uploads\/2021\/11\/IMG-20211129-WA0165-300x200.jpg 300w, http:\/\/vertienteglobal.com\/wp-content\/uploads\/2021\/11\/IMG-20211129-WA0165-150x100.jpg 150w, http:\/\/vertienteglobal.com\/wp-content\/uploads\/2021\/11\/IMG-20211129-WA0165-768x512.jpg 768w, http:\/\/vertienteglobal.com\/wp-content\/uploads\/2021\/11\/IMG-20211129-WA0165.jpg 1280w\" sizes=\"auto, (max-width: 1024px) 100vw, 1024px\" \/><\/figure>\n\n\n\n<figure class=\"wp-block-image size-large\"><img loading=\"lazy\" decoding=\"async\" width=\"1024\" height=\"763\" src=\"http:\/\/vertienteglobal.com\/wp-content\/uploads\/2021\/11\/IMG-20211129-WA0159-1024x763.jpg\" alt=\"\" class=\"wp-image-193667\" srcset=\"http:\/\/vertienteglobal.com\/wp-content\/uploads\/2021\/11\/IMG-20211129-WA0159-1024x763.jpg 1024w, http:\/\/vertienteglobal.com\/wp-content\/uploads\/2021\/11\/IMG-20211129-WA0159-300x224.jpg 300w, http:\/\/vertienteglobal.com\/wp-content\/uploads\/2021\/11\/IMG-20211129-WA0159-150x112.jpg 150w, http:\/\/vertienteglobal.com\/wp-content\/uploads\/2021\/11\/IMG-20211129-WA0159-768x572.jpg 768w, http:\/\/vertienteglobal.com\/wp-content\/uploads\/2021\/11\/IMG-20211129-WA0159.jpg 1099w\" sizes=\"auto, (max-width: 1024px) 100vw, 1024px\" \/><\/figure>\n","protected":false},"excerpt":{"rendered":"<p>(Redacci\u00f3n) Para el per\u00edodo constitucional 2021-2024, este \u00f3rgano colegiado municipal estar\u00e1 integrado, adem\u00e1s de Mendoza Samos, por los regidores Paulina Yadira Malpica Y\u00e1\u00f1ez y David Tah Balam Tulum, quintana Roo a 29 de noviembre de 2021.-La segunda regidora Beatr\u00edz Anah\u00ed Mendoza Samos encabez\u00f3 la instalaci\u00f3n y puesta en marcha de los trabajos de la Comisi\u00f3n [&hellip;]<\/p>\n","protected":false},"author":1,"featured_media":193665,"comment_status":"open","ping_status":"open","sticky":false,"template":"","format":"standard","meta":{"footnotes":""},"categories":[3],"tags":[],"class_list":["post-193664","post","type-post","status-publish","format-standard","has-post-thumbnail","hentry","category-quintana-roo","entry","has-media"],"jetpack_featured_media_url":"http:\/\/vertienteglobal.com\/wp-content\/uploads\/2021\/11\/IMG-20211129-WA0163.jpg","_links":{"self":[{"href":"http:\/\/vertienteglobal.com\/index.php?rest_route=\/wp\/v2\/posts\/193664","targetHints":{"allow":["GET"]}}],"collection":[{"href":"http:\/\/vertienteglobal.com\/index.php?rest_route=\/wp\/v2\/posts"}],"about":[{"href":"http:\/\/vertienteglobal.com\/index.php?rest_route=\/wp\/v2\/types\/post"}],"author":[{"embeddable":true,"href":"http:\/\/vertienteglobal.com\/index.php?rest_route=\/wp\/v2\/users\/1"}],"replies":[{"embeddable":true,"href":"http:\/\/vertienteglobal.com\/index.php?rest_route=%2Fwp%2Fv2%2Fcomments&post=193664"}],"version-history":[{"count":0,"href":"http:\/\/vertienteglobal.com\/index.php?rest_route=\/wp\/v2\/posts\/193664\/revisions"}],"wp:featuredmedia":[{"embeddable":true,"href":"http:\/\/vertienteglobal.com\/index.php?rest_route=\/wp\/v2\/media\/193665"}],"wp:attachment":[{"href":"http:\/\/vertienteglobal.com\/index.php?rest_route=%2Fwp%2Fv2%2Fmedia&parent=193664"}],"wp:term":[{"taxonomy":"category","embeddable":true,"href":"http:\/\/vertienteglobal.com\/index.php?rest_route=%2Fwp%2Fv2%2Fcategories&post=193664"},{"taxonomy":"post_tag","embeddable":true,"href":"http:\/\/vertienteglobal.com\/index.php?rest_route=%2Fwp%2Fv2%2Ftags&post=193664"}],"curies":[{"name":"wp","href":"https:\/\/api.w.org\/{rel}","templated":true}]}}