{"id":193532,"date":"2021-11-27T18:51:23","date_gmt":"2021-11-28T00:51:23","guid":{"rendered":"http:\/\/vertienteglobal.com\/?p=193532"},"modified":"2021-11-28T14:09:49","modified_gmt":"2021-11-28T20:09:49","slug":"mas-de-200-productores-participan-en-festival-de-flores-de-nochebuena-en-cdmx","status":"publish","type":"post","link":"http:\/\/vertienteglobal.com\/?p=193532","title":{"rendered":"M\u00e1s de 200 productores participan en Festival de flores de Nochebuena en CDMX"},"content":{"rendered":"\n<div class=\"twitterbutton\" style=\"float: right; padding-left: 5px;\"><a href=\"http:\/\/twitter.com\/share\" class=\"twitter-share-button\" data-count=\"horizontal\" data-text=\"M\u00e1s de 200 productores participan en Festival de flores de Nochebuena en CDMX\" data-via=\"https:\/\/twitter.com\/VertienteGloba1\" data-url=\"http:\/\/vertienteglobal.com\/?p=193532\" data-lang=\"es\" data-related=\"Informaci\u00f3n general:S\u00edguenos para que est\u00e9ss informado\"><\/a><\/div>\n<figure class=\"wp-block-image size-large\"><img loading=\"lazy\" decoding=\"async\" width=\"1024\" height=\"683\" src=\"http:\/\/vertienteglobal.com\/wp-content\/uploads\/2021\/11\/162122.jpg\" alt=\"\" class=\"wp-image-193533\" srcset=\"http:\/\/vertienteglobal.com\/wp-content\/uploads\/2021\/11\/162122.jpg 1024w, http:\/\/vertienteglobal.com\/wp-content\/uploads\/2021\/11\/162122-300x200.jpg 300w, http:\/\/vertienteglobal.com\/wp-content\/uploads\/2021\/11\/162122-150x100.jpg 150w, http:\/\/vertienteglobal.com\/wp-content\/uploads\/2021\/11\/162122-768x512.jpg 768w\" sizes=\"auto, (max-width: 1024px) 100vw, 1024px\" \/><\/figure>\n\n\n\n<p>(Redacci\u00f3n)<\/p>\n\n\n\n<p>De acuerdo con el secretario de Desarrollo Econ\u00f3mico, Fadlala Akabani, este evento tiene como objetivo impulsar la reactivaci\u00f3n econ\u00f3mica de la ciudad<\/p>\n\n\n\n<p>Ciudad de M\u00e9xico a 27 de noviembre de 2021.-Las autoridades de la Ciudad de M\u00e9xico inauguraron el Festival de la Nochebuena que desde el 27 de noviembre y hasta el 5 de diciembre estar\u00e1 desde Reforma y Praga hasta la Puerta de los Leones.<\/p>\n\n\n\n<p>De acuerdo con el secretario de Desarrollo Econ\u00f3mico, Fadlala Akabani, este evento tiene como objetivo impulsar la reactivaci\u00f3n econ\u00f3mica de la ciudad.<\/p>\n\n\n\n<p>Destac\u00f3 que se van a comercializar un mill\u00f3n de flores, lo que generar\u00e1n una derrama de m\u00e1s de 100 millones de pesos, en beneficio de los productores y sus familias.<\/p>\n\n\n\n<p>En tanto que la directora general de Recursos Naturales y Desarrollo Rural (CORENDR), Columba L\u00f3pez, se\u00f1al\u00f3 que en esta exposici\u00f3n y venta acuden cada a\u00f1o 275 productores de suelo de conservaci\u00f3n.<\/p>\n\n\n\n<p>De estos 150 productores son del \u00e1rea chinampera de Xochimilco, adem\u00e1s de productores de las \u00e1reas de los mercados de flores y plantas de la misma demarcaci\u00f3n y 25 artesanos residentes de la Ciudad de M\u00e9xico.(Fuente: Exc\u00e9lsior)<\/p>\n","protected":false},"excerpt":{"rendered":"<p>(Redacci\u00f3n) De acuerdo con el secretario de Desarrollo Econ\u00f3mico, Fadlala Akabani, este evento tiene como objetivo impulsar la reactivaci\u00f3n econ\u00f3mica de la ciudad Ciudad de M\u00e9xico a 27 de noviembre de 2021.-Las autoridades de la Ciudad de M\u00e9xico inauguraron el Festival de la Nochebuena que desde el 27 de noviembre y hasta el 5 de [&hellip;]<\/p>\n","protected":false},"author":1,"featured_media":193533,"comment_status":"open","ping_status":"open","sticky":false,"template":"","format":"standard","meta":{"footnotes":""},"categories":[8],"tags":[],"class_list":["post-193532","post","type-post","status-publish","format-standard","has-post-thumbnail","hentry","category-pais","entry","has-media"],"jetpack_featured_media_url":"http:\/\/vertienteglobal.com\/wp-content\/uploads\/2021\/11\/162122.jpg","_links":{"self":[{"href":"http:\/\/vertienteglobal.com\/index.php?rest_route=\/wp\/v2\/posts\/193532","targetHints":{"allow":["GET"]}}],"collection":[{"href":"http:\/\/vertienteglobal.com\/index.php?rest_route=\/wp\/v2\/posts"}],"about":[{"href":"http:\/\/vertienteglobal.com\/index.php?rest_route=\/wp\/v2\/types\/post"}],"author":[{"embeddable":true,"href":"http:\/\/vertienteglobal.com\/index.php?rest_route=\/wp\/v2\/users\/1"}],"replies":[{"embeddable":true,"href":"http:\/\/vertienteglobal.com\/index.php?rest_route=%2Fwp%2Fv2%2Fcomments&post=193532"}],"version-history":[{"count":0,"href":"http:\/\/vertienteglobal.com\/index.php?rest_route=\/wp\/v2\/posts\/193532\/revisions"}],"wp:featuredmedia":[{"embeddable":true,"href":"http:\/\/vertienteglobal.com\/index.php?rest_route=\/wp\/v2\/media\/193533"}],"wp:attachment":[{"href":"http:\/\/vertienteglobal.com\/index.php?rest_route=%2Fwp%2Fv2%2Fmedia&parent=193532"}],"wp:term":[{"taxonomy":"category","embeddable":true,"href":"http:\/\/vertienteglobal.com\/index.php?rest_route=%2Fwp%2Fv2%2Fcategories&post=193532"},{"taxonomy":"post_tag","embeddable":true,"href":"http:\/\/vertienteglobal.com\/index.php?rest_route=%2Fwp%2Fv2%2Ftags&post=193532"}],"curies":[{"name":"wp","href":"https:\/\/api.w.org\/{rel}","templated":true}]}}