{"id":193469,"date":"2021-11-26T21:24:04","date_gmt":"2021-11-27T03:24:04","guid":{"rendered":"http:\/\/vertienteglobal.com\/?p=193469"},"modified":"2021-11-27T05:14:00","modified_gmt":"2021-11-27T11:14:00","slug":"amlo-reitera-invitacion-a-su-tercer-informe-en-el-zocalo-este-1-de-diciembre","status":"publish","type":"post","link":"http:\/\/vertienteglobal.com\/?p=193469","title":{"rendered":"AMLO reitera invitaci\u00f3n a su tercer informe en el Z\u00f3calo este 1 de diciembre"},"content":{"rendered":"\n<div class=\"twitterbutton\" style=\"float: right; padding-left: 5px;\"><a href=\"http:\/\/twitter.com\/share\" class=\"twitter-share-button\" data-count=\"horizontal\" data-text=\"AMLO reitera invitaci\u00f3n a su tercer informe en el Z\u00f3calo este 1 de diciembre\" data-via=\"https:\/\/twitter.com\/VertienteGloba1\" data-url=\"http:\/\/vertienteglobal.com\/?p=193469\" data-lang=\"es\" data-related=\"Informaci\u00f3n general:S\u00edguenos para que est\u00e9ss informado\"><\/a><\/div>\n<figure class=\"wp-block-image size-large\"><img loading=\"lazy\" decoding=\"async\" width=\"1024\" height=\"683\" src=\"http:\/\/vertienteglobal.com\/wp-content\/uploads\/2021\/11\/162054.jpg\" alt=\"\" class=\"wp-image-193470\" srcset=\"http:\/\/vertienteglobal.com\/wp-content\/uploads\/2021\/11\/162054.jpg 1024w, http:\/\/vertienteglobal.com\/wp-content\/uploads\/2021\/11\/162054-300x200.jpg 300w, http:\/\/vertienteglobal.com\/wp-content\/uploads\/2021\/11\/162054-150x100.jpg 150w, http:\/\/vertienteglobal.com\/wp-content\/uploads\/2021\/11\/162054-768x512.jpg 768w\" sizes=\"auto, (max-width: 1024px) 100vw, 1024px\" \/><\/figure>\n\n\n\n<p>(Redacci\u00f3n)<\/p>\n\n\n\n<p>En su cuenta de Twitter, asegur\u00f3 que se tratar\u00e1 de una &#8216;fiesta c\u00edvica y combativa&#8217;<\/p>\n\n\n\n<p>Ciudad de M\u00e9xico a 26 de noviembre de 2021.-El presidente Andr\u00e9s Manuel L\u00f3pez Obrador reiter\u00f3 la invitaci\u00f3n a la reuni\u00f3n masiva este 1 de diciembre en el Z\u00f3calo de la Ciudad de M\u00e9xico por su Tercer Informe de gobierno.<\/p>\n\n\n\n<p>Asimismo, durante la ma\u00f1ana de este viernes durante la ma\u00f1anera, lanz\u00f3 la invitaci\u00f3n y esta noche, en su cuenta de Twitter, asegur\u00f3 que se tratar\u00e1 de una &#8216;fiesta c\u00edvica y combativa&#8217;.<\/p>\n\n\n\n<p>Cabe mencionar que L\u00f3pez Obrador, puntualiz\u00f3 que en dicho evento masivo hablar\u00e1 de lo que ha hecho en 3 a\u00f1os y tambi\u00e9n lo que va a seguir haciendo para la transformaci\u00f3n de M\u00e9xico.<\/p>\n\n\n\n<figure class=\"wp-block-embed-twitter wp-block-embed is-type-rich is-provider-twitter\"><div class=\"wp-block-embed__wrapper\">\n<div class=\"oceanwp-oembed-wrap clr\"><blockquote class=\"twitter-tweet\" data-width=\"550\" data-dnt=\"true\"><p lang=\"es\" dir=\"ltr\">Vamos a congregarnos, para no perder la costumbre, en el Z\u00f3calo democr\u00e1tico de la Ciudad de M\u00e9xico. <br><br>Nos vemos el 1\u00ba de diciembre a las 5 de la tarde. <a href=\"https:\/\/t.co\/zkI47stOdp\">pic.twitter.com\/zkI47stOdp<\/a><\/p>&mdash; Andr\u00e9s Manuel (@lopezobrador_) <a href=\"https:\/\/twitter.com\/lopezobrador_\/status\/1464410791403302916?ref_src=twsrc%5Etfw\">November 27, 2021<\/a><\/blockquote><script async src=\"https:\/\/platform.twitter.com\/widgets.js\" charset=\"utf-8\"><\/script><\/div>\n<\/div><\/figure>\n","protected":false},"excerpt":{"rendered":"<p>(Redacci\u00f3n) En su cuenta de Twitter, asegur\u00f3 que se tratar\u00e1 de una &#8216;fiesta c\u00edvica y combativa&#8217; Ciudad de M\u00e9xico a 26 de noviembre de 2021.-El presidente Andr\u00e9s Manuel L\u00f3pez Obrador reiter\u00f3 la invitaci\u00f3n a la reuni\u00f3n masiva este 1 de diciembre en el Z\u00f3calo de la Ciudad de M\u00e9xico por su Tercer Informe de gobierno. [&hellip;]<\/p>\n","protected":false},"author":1,"featured_media":193470,"comment_status":"open","ping_status":"open","sticky":false,"template":"","format":"standard","meta":{"footnotes":""},"categories":[8],"tags":[],"class_list":["post-193469","post","type-post","status-publish","format-standard","has-post-thumbnail","hentry","category-pais","entry","has-media"],"jetpack_featured_media_url":"http:\/\/vertienteglobal.com\/wp-content\/uploads\/2021\/11\/162054.jpg","_links":{"self":[{"href":"http:\/\/vertienteglobal.com\/index.php?rest_route=\/wp\/v2\/posts\/193469","targetHints":{"allow":["GET"]}}],"collection":[{"href":"http:\/\/vertienteglobal.com\/index.php?rest_route=\/wp\/v2\/posts"}],"about":[{"href":"http:\/\/vertienteglobal.com\/index.php?rest_route=\/wp\/v2\/types\/post"}],"author":[{"embeddable":true,"href":"http:\/\/vertienteglobal.com\/index.php?rest_route=\/wp\/v2\/users\/1"}],"replies":[{"embeddable":true,"href":"http:\/\/vertienteglobal.com\/index.php?rest_route=%2Fwp%2Fv2%2Fcomments&post=193469"}],"version-history":[{"count":0,"href":"http:\/\/vertienteglobal.com\/index.php?rest_route=\/wp\/v2\/posts\/193469\/revisions"}],"wp:featuredmedia":[{"embeddable":true,"href":"http:\/\/vertienteglobal.com\/index.php?rest_route=\/wp\/v2\/media\/193470"}],"wp:attachment":[{"href":"http:\/\/vertienteglobal.com\/index.php?rest_route=%2Fwp%2Fv2%2Fmedia&parent=193469"}],"wp:term":[{"taxonomy":"category","embeddable":true,"href":"http:\/\/vertienteglobal.com\/index.php?rest_route=%2Fwp%2Fv2%2Fcategories&post=193469"},{"taxonomy":"post_tag","embeddable":true,"href":"http:\/\/vertienteglobal.com\/index.php?rest_route=%2Fwp%2Fv2%2Ftags&post=193469"}],"curies":[{"name":"wp","href":"https:\/\/api.w.org\/{rel}","templated":true}]}}