{"id":193421,"date":"2021-11-26T07:19:00","date_gmt":"2021-11-26T13:19:00","guid":{"rendered":"http:\/\/vertienteglobal.com\/?p=193421"},"modified":"2021-11-26T07:29:08","modified_gmt":"2021-11-26T13:29:08","slug":"arranca-el-black-friday-2021","status":"publish","type":"post","link":"http:\/\/vertienteglobal.com\/?p=193421","title":{"rendered":"Arranca el Black Friday 2021"},"content":{"rendered":"\n<div class=\"twitterbutton\" style=\"float: right; padding-left: 5px;\"><a href=\"http:\/\/twitter.com\/share\" class=\"twitter-share-button\" data-count=\"horizontal\" data-text=\"Arranca el Black Friday 2021\" data-via=\"https:\/\/twitter.com\/VertienteGloba1\" data-url=\"http:\/\/vertienteglobal.com\/?p=193421\" data-lang=\"es\" data-related=\"Informaci\u00f3n general:S\u00edguenos para que est\u00e9ss informado\"><\/a><\/div>\n<figure class=\"wp-block-image size-large\"><img loading=\"lazy\" decoding=\"async\" width=\"1024\" height=\"683\" src=\"http:\/\/vertienteglobal.com\/wp-content\/uploads\/2021\/11\/161970.jpg\" alt=\"\" class=\"wp-image-193422\" srcset=\"http:\/\/vertienteglobal.com\/wp-content\/uploads\/2021\/11\/161970.jpg 1024w, http:\/\/vertienteglobal.com\/wp-content\/uploads\/2021\/11\/161970-300x200.jpg 300w, http:\/\/vertienteglobal.com\/wp-content\/uploads\/2021\/11\/161970-150x100.jpg 150w, http:\/\/vertienteglobal.com\/wp-content\/uploads\/2021\/11\/161970-768x512.jpg 768w\" sizes=\"auto, (max-width: 1024px) 100vw, 1024px\" \/><\/figure>\n\n\n\n<p>(Redacci\u00f3n)<\/p>\n\n\n\n<p>En M\u00e9xico algunas tiendas se adelantaron y comenzaron a anunciar sus ofertas para extenderlas hasta un mes, debido a los cuellos de botella que se han registrado por la pandemia de Covid-19<\/p>\n\n\n\n<p>Ciudad de M\u00e9xico a 26 de noviembre de 2021.-\u00a1Es oficial! Este viernes comenz\u00f3 el Black Friday 2021 en M\u00e9xico, estrategia comercial de origen estadounidense que se pone en marcha por las compras navide\u00f1as.<\/p>\n\n\n\n<p>Esta promoci\u00f3n comienza oficialmente el 26 de noviembre, y al igual que en Estados Unidos, se extender\u00e1 todo el fin de semana.<\/p>\n\n\n\n<p>En M\u00e9xico algunas tiendas se adelantaron y comenzaron a anunciar sus ofertas para extenderlas hasta un mes, debido a los cuellos de botella que se han registrado por la pandemia de Covid-19.<\/p>\n\n\n\n<p>Algunas de las principales tiendas en l\u00ednea que participar\u00e1n en esta promoci\u00f3n son Mercado Libre, Linio, Amazon y AliExpress.(Fuente: Milenio)<\/p>\n","protected":false},"excerpt":{"rendered":"<p>(Redacci\u00f3n) En M\u00e9xico algunas tiendas se adelantaron y comenzaron a anunciar sus ofertas para extenderlas hasta un mes, debido a los cuellos de botella que se han registrado por la pandemia de Covid-19 Ciudad de M\u00e9xico a 26 de noviembre de 2021.-\u00a1Es oficial! Este viernes comenz\u00f3 el Black Friday 2021 en M\u00e9xico, estrategia comercial de [&hellip;]<\/p>\n","protected":false},"author":1,"featured_media":193422,"comment_status":"open","ping_status":"open","sticky":false,"template":"","format":"standard","meta":{"footnotes":""},"categories":[8],"tags":[],"class_list":["post-193421","post","type-post","status-publish","format-standard","has-post-thumbnail","hentry","category-pais","entry","has-media"],"jetpack_featured_media_url":"http:\/\/vertienteglobal.com\/wp-content\/uploads\/2021\/11\/161970.jpg","_links":{"self":[{"href":"http:\/\/vertienteglobal.com\/index.php?rest_route=\/wp\/v2\/posts\/193421","targetHints":{"allow":["GET"]}}],"collection":[{"href":"http:\/\/vertienteglobal.com\/index.php?rest_route=\/wp\/v2\/posts"}],"about":[{"href":"http:\/\/vertienteglobal.com\/index.php?rest_route=\/wp\/v2\/types\/post"}],"author":[{"embeddable":true,"href":"http:\/\/vertienteglobal.com\/index.php?rest_route=\/wp\/v2\/users\/1"}],"replies":[{"embeddable":true,"href":"http:\/\/vertienteglobal.com\/index.php?rest_route=%2Fwp%2Fv2%2Fcomments&post=193421"}],"version-history":[{"count":0,"href":"http:\/\/vertienteglobal.com\/index.php?rest_route=\/wp\/v2\/posts\/193421\/revisions"}],"wp:featuredmedia":[{"embeddable":true,"href":"http:\/\/vertienteglobal.com\/index.php?rest_route=\/wp\/v2\/media\/193422"}],"wp:attachment":[{"href":"http:\/\/vertienteglobal.com\/index.php?rest_route=%2Fwp%2Fv2%2Fmedia&parent=193421"}],"wp:term":[{"taxonomy":"category","embeddable":true,"href":"http:\/\/vertienteglobal.com\/index.php?rest_route=%2Fwp%2Fv2%2Fcategories&post=193421"},{"taxonomy":"post_tag","embeddable":true,"href":"http:\/\/vertienteglobal.com\/index.php?rest_route=%2Fwp%2Fv2%2Ftags&post=193421"}],"curies":[{"name":"wp","href":"https:\/\/api.w.org\/{rel}","templated":true}]}}