{"id":193392,"date":"2021-11-25T17:51:00","date_gmt":"2021-11-25T23:51:00","guid":{"rendered":"http:\/\/vertienteglobal.com\/?p=193392"},"modified":"2021-11-25T21:21:54","modified_gmt":"2021-11-26T03:21:54","slug":"refrendan-su-compromiso-con-el-empoderamiento-de-las-mujeres","status":"publish","type":"post","link":"http:\/\/vertienteglobal.com\/?p=193392","title":{"rendered":"Refrendan su compromiso con el empoderamiento de las mujeres"},"content":{"rendered":"\n<div class=\"twitterbutton\" style=\"float: right; padding-left: 5px;\"><a href=\"http:\/\/twitter.com\/share\" class=\"twitter-share-button\" data-count=\"horizontal\" data-text=\"Refrendan su compromiso con el empoderamiento de las mujeres\" data-via=\"https:\/\/twitter.com\/VertienteGloba1\" data-url=\"http:\/\/vertienteglobal.com\/?p=193392\" data-lang=\"es\" data-related=\"Informaci\u00f3n general:S\u00edguenos para que est\u00e9ss informado\"><\/a><\/div>\n<figure class=\"wp-block-image size-large\"><img loading=\"lazy\" decoding=\"async\" width=\"660\" height=\"330\" src=\"http:\/\/vertienteglobal.com\/wp-content\/uploads\/2021\/11\/25nov21-RBC-1-660x330-1.jpeg\" alt=\"\" class=\"wp-image-193393\" srcset=\"http:\/\/vertienteglobal.com\/wp-content\/uploads\/2021\/11\/25nov21-RBC-1-660x330-1.jpeg 660w, http:\/\/vertienteglobal.com\/wp-content\/uploads\/2021\/11\/25nov21-RBC-1-660x330-1-300x150.jpeg 300w, http:\/\/vertienteglobal.com\/wp-content\/uploads\/2021\/11\/25nov21-RBC-1-660x330-1-150x75.jpeg 150w\" sizes=\"auto, (max-width: 660px) 100vw, 660px\" \/><\/figure>\n\n\n\n<p>(Redacci\u00f3n)<\/p>\n\n\n\n<p><em>El Ayuntamiento conmemora el D\u00eda Internacional de la Eliminaci\u00f3n de las Violencias contra las Mujeres<\/em><\/p>\n\n\n\n<p>M\u00e9rida, 25 de noviembre de 2021.-En nuestro gobierno tenemos la responsabilidad de construir una M\u00e9rida incluyente, que brinde a las mujeres y ni\u00f1as del Municipio espacios seguros para su desarrollo integral, pero sobre todo libres de violencia de cualquier \u00edndole, asegur\u00f3 el Alcalde Ren\u00e1n Barrera Concha.<\/p>\n\n\n\n<p>\u201cEn este ayuntamiento estamos poniendo todo nuestro esfuerzo en defender las pol\u00edticas p\u00fablicas a favor de todas las ciudadanas e incrementarlas con mecanismos participativos e incluyentes, que procuren el bienestar de la poblaci\u00f3n, sobre todo, de las mujeres y las ni\u00f1as\u201d, refiri\u00f3.<\/p>\n\n\n\n<p>El Concejal mencion\u00f3 que aunque falta mucho por hacer en esta materia, se ha demostrado que la Comuna, a trav\u00e9s de sus diferentes&nbsp; direcciones, pero principalmente por el Instituto Municipal de la Mujer ha ejecutado acciones en promover los espacios de participaci\u00f3n e inclusi\u00f3n de la mujer en el Municipio, as\u00ed como la promoci\u00f3n de pol\u00edticas p\u00fablicas que apunten hacia mejores condiciones de vida y oportunidades de igualdad de g\u00e9nero, consolidando a M\u00e9rida como una sociedad m\u00e1s justa y equitativa.<\/p>\n\n\n\n<p>\u201cEstamos transitando por el camino de la inclusi\u00f3n y el respeto mutuo, con el firme anhelo de que nuestras familias convivan en una tierra de esfuerzo y esperanza, donde ser mujer represente el v\u00ednculo y el pilar principal sobre el cual basamos la identidad de nuestra M\u00e9rida\u201d, expres\u00f3.<\/p>\n\n\n\n<p>En ese sentido, en el marco del D\u00eda Internacional de la Eliminaci\u00f3n de las Violencias contra las Mujeres, el Ayuntamiento de M\u00e9rida llev\u00f3 a cabo un conversatorio en conmemoraci\u00f3n de esta efem\u00e9ride.<\/p>\n\n\n\n<p>En representaci\u00f3n del alcalde Ren\u00e1n Barrera, la s\u00edndico, Diana Canto Moreno, se\u00f1al\u00f3 que el compromiso del Presidente Municipal a favor en la eliminaci\u00f3n de las violencias contra las mujeres de M\u00e9rida ser\u00e1 el reforzamiento de los programas como \u201cL\u00ednea de la Mujer\u201d, la atenci\u00f3n jur\u00eddica y psicol\u00f3gica, as\u00ed como el Centro de Atenci\u00f3n y Refugio para Mujeres con o sin Hijas e Hijos en Situaci\u00f3n de Violencia Extrema (CAREM).<\/p>\n\n\n\n<p>\u201cNuestro Alcalde nos ha demostrado que tiene voluntad de no escatimar recursos en cuanto a la aplicaci\u00f3n de proyectos y programas que sean de beneficio para las mujeres de M\u00e9rida y sus 47 comisar\u00edas\u201d, indic\u00f3.<\/p>\n\n\n\n<p>Durante el conversatorio, se cont\u00f3 con la participaci\u00f3n de usuarias del Instituto Municipal de la Mujer, quienes relataron sus experiencias en torno a los servicios que se brindan en dicha dependencia.<\/p>\n\n\n\n<p>La usuaria, Georgina Contreras Eljure, narr\u00f3 que luego de vivir 13 a\u00f1os de todo tipo de violencia en su matrimonio, gracias a una amiga, lleg\u00f3 al Instituto Municipal de la Mujer, para solicitar apoyo \u201cy desde el primer instante me sent\u00ed \u201cabrazada\u201d por todo el personal\u201d.<\/p>\n\n\n\n<p>\u201cSent\u00ed una calidez muy grande, un apoyo muy profundo, una empat\u00eda por cada una de las personas que ah\u00ed trabajan. En ese lugar me hicieron una mujer empoderada y que con mucho esfuerzo he logrado salir adelante\u201d.<\/p>\n\n\n\n<p>Contreras Eljure aprovech\u00f3 la ocasi\u00f3n para invitar a que todas las mujeres que viven alg\u00fan tipo de violencia, se acerquen al Instituto Municipal de la Mujer para que puedan ser auxiliadas y evitar una tragedia.<\/p>\n\n\n\n<p>Por su parte, otra usuaria, Betza Can Pech, agradeci\u00f3 al Alcalde por crear espacios y programas donde ayuden a las mujeres de M\u00e9rida porque demuestra que encabeza un Ayuntamiento que est\u00e1 preocupado y ocupado por la poblaci\u00f3n m\u00e1s vulnerable del Municipio.<\/p>\n\n\n\n<p>\u201cCreo que yo y todas las usuarias del Instituto Municipal de la Mujer estamos muy agradecidas porque a trav\u00e9s de sus diferentes servicios nos ayudan a superarnos en todos los sentidos y lo m\u00e1s importante es que salvan muchas vidas\u201d.<\/p>\n\n\n\n<figure class=\"wp-block-image\"><img decoding=\"async\" src=\"https:\/\/www.yucatanalinstante.com\/wp-content\/uploads\/2021\/11\/25nov21-RBC-2.jpeg\" alt=\"\" class=\"wp-image-357432\"\/><\/figure>\n\n\n\n<p>En el conversatorio tambi\u00e9n asistieron las regidoras Elisa Z\u00fa\u00f1iga Arellano, Ana Gabriela Aguilar Ruiz, Gabriela Baqueiro Valencia, Celia Rivas Rodr\u00edguez y Mar\u00eda Fernanda Vivas Sierra; el secretario de Participaci\u00f3n Ciudadana, Julio Sauma Castillo; y las directoras Martha Elena G\u00f3mez Nechar y Silvia Sarti Gonz\u00e1lez, de la Unidad de Contralor\u00eda y DIF Municipal, respectivamente.<\/p>\n","protected":false},"excerpt":{"rendered":"<p>(Redacci\u00f3n) El Ayuntamiento conmemora el D\u00eda Internacional de la Eliminaci\u00f3n de las Violencias contra las Mujeres M\u00e9rida, 25 de noviembre de 2021.-En nuestro gobierno tenemos la responsabilidad de construir una M\u00e9rida incluyente, que brinde a las mujeres y ni\u00f1as del Municipio espacios seguros para su desarrollo integral, pero sobre todo libres de violencia de cualquier [&hellip;]<\/p>\n","protected":false},"author":1,"featured_media":193393,"comment_status":"open","ping_status":"open","sticky":false,"template":"","format":"standard","meta":{"footnotes":""},"categories":[2],"tags":[],"class_list":["post-193392","post","type-post","status-publish","format-standard","has-post-thumbnail","hentry","category-yucatan","entry","has-media"],"jetpack_featured_media_url":"http:\/\/vertienteglobal.com\/wp-content\/uploads\/2021\/11\/25nov21-RBC-1-660x330-1.jpeg","_links":{"self":[{"href":"http:\/\/vertienteglobal.com\/index.php?rest_route=\/wp\/v2\/posts\/193392","targetHints":{"allow":["GET"]}}],"collection":[{"href":"http:\/\/vertienteglobal.com\/index.php?rest_route=\/wp\/v2\/posts"}],"about":[{"href":"http:\/\/vertienteglobal.com\/index.php?rest_route=\/wp\/v2\/types\/post"}],"author":[{"embeddable":true,"href":"http:\/\/vertienteglobal.com\/index.php?rest_route=\/wp\/v2\/users\/1"}],"replies":[{"embeddable":true,"href":"http:\/\/vertienteglobal.com\/index.php?rest_route=%2Fwp%2Fv2%2Fcomments&post=193392"}],"version-history":[{"count":0,"href":"http:\/\/vertienteglobal.com\/index.php?rest_route=\/wp\/v2\/posts\/193392\/revisions"}],"wp:featuredmedia":[{"embeddable":true,"href":"http:\/\/vertienteglobal.com\/index.php?rest_route=\/wp\/v2\/media\/193393"}],"wp:attachment":[{"href":"http:\/\/vertienteglobal.com\/index.php?rest_route=%2Fwp%2Fv2%2Fmedia&parent=193392"}],"wp:term":[{"taxonomy":"category","embeddable":true,"href":"http:\/\/vertienteglobal.com\/index.php?rest_route=%2Fwp%2Fv2%2Fcategories&post=193392"},{"taxonomy":"post_tag","embeddable":true,"href":"http:\/\/vertienteglobal.com\/index.php?rest_route=%2Fwp%2Fv2%2Ftags&post=193392"}],"curies":[{"name":"wp","href":"https:\/\/api.w.org\/{rel}","templated":true}]}}