{"id":193344,"date":"2021-11-24T20:24:02","date_gmt":"2021-11-25T02:24:02","guid":{"rendered":"http:\/\/vertienteglobal.com\/?p=193344"},"modified":"2021-11-25T06:45:50","modified_gmt":"2021-11-25T12:45:50","slug":"a-partir-de-este-sabado-podras-viajar-gratis-en-la-ruta-del-periferico-va-y-ven-en-merida","status":"publish","type":"post","link":"http:\/\/vertienteglobal.com\/?p=193344","title":{"rendered":"A partir de este s\u00e1bado podr\u00e1s viajar gratis en la ruta del Perif\u00e9rico \u201cVa y Ven\u201d en M\u00e9rida"},"content":{"rendered":"\n<div class=\"twitterbutton\" style=\"float: right; padding-left: 5px;\"><a href=\"http:\/\/twitter.com\/share\" class=\"twitter-share-button\" data-count=\"horizontal\" data-text=\"A partir de este s\u00e1bado podr\u00e1s viajar gratis en la ruta del Perif\u00e9rico \u201cVa ...\" data-via=\"https:\/\/twitter.com\/VertienteGloba1\" data-url=\"http:\/\/vertienteglobal.com\/?p=193344\" data-lang=\"es\" data-related=\"Informaci\u00f3n general:S\u00edguenos para que est\u00e9ss informado\"><\/a><\/div>\n<figure class=\"wp-block-image size-large\"><img loading=\"lazy\" decoding=\"async\" width=\"660\" height=\"330\" src=\"http:\/\/vertienteglobal.com\/wp-content\/uploads\/2021\/11\/RUTA_VA_Y_VEN_PERIFERICO_6-660x330-1.jpeg\" alt=\"\" class=\"wp-image-193345\" srcset=\"http:\/\/vertienteglobal.com\/wp-content\/uploads\/2021\/11\/RUTA_VA_Y_VEN_PERIFERICO_6-660x330-1.jpeg 660w, http:\/\/vertienteglobal.com\/wp-content\/uploads\/2021\/11\/RUTA_VA_Y_VEN_PERIFERICO_6-660x330-1-300x150.jpeg 300w, http:\/\/vertienteglobal.com\/wp-content\/uploads\/2021\/11\/RUTA_VA_Y_VEN_PERIFERICO_6-660x330-1-150x75.jpeg 150w\" sizes=\"auto, (max-width: 660px) 100vw, 660px\" \/><\/figure>\n\n\n\n<p>(Redacci\u00f3n)<\/p>\n\n\n\n<p><em><strong>Te decimos c\u00f3mo bajar la app para utilizar este transporte, que ser\u00e1 gratuito en lo que resta del 2021<\/strong><\/em><\/p>\n\n\n\n<p>M\u00c9RIDA, Yucat\u00e1n, a 24 de noviembre de 2021.-Ya est\u00e1 disponible la aplicaci\u00f3n para los camiones del Perif\u00e9rico de M\u00e9rida, que inicia operaciones este s\u00e1bado 27 de noviembre.<\/p>\n\n\n\n<p>Como hemos informado, la ruta \u201cVa y ven\u201d conectar\u00e1 a 129 colonias cercanas al Anillo Perif\u00e9rico de M\u00e9rida y tendr\u00e1 una frecuencia de salida de cada 20 minutos en horas pico.<\/p>\n\n\n\n<p>Este servicio ser\u00e1 gratuito hasta que termine el a\u00f1o 2021, con un horario que comenzar\u00e1 a partir de las 5 de la ma\u00f1ana y el \u00faltimo cami\u00f3n saldr\u00e1 a las 11:00 de la noche.<\/p>\n\n\n\n<p>El circuito recorrer\u00e1 68 paradas en las que habr\u00e1 paraderos que ya se est\u00e1n terminando y para que no esperes mucho tiempo en lo que llega el cami\u00f3n, hay una aplicaci\u00f3n a disposici\u00f3n de los usuarios.<\/p>\n\n\n\n<p>Aplicaci\u00f3n para camiones del Perif\u00e9rico<\/p>\n\n\n\n<p>La nueva ruta \u201cVa y Ven\u201d cuenta con una \u201cApp\u201d que opera con el Sistema de Posicionamiento Global (GPS por sus siglas en ingl\u00e9s), que permitir\u00e1 a los usuarios saber en cu\u00e1nto tiempo llegar\u00e1 la unidad al paradero.<\/p>\n\n\n\n<p>La descarga de la aplicaci\u00f3n est\u00e1 disponible para Android o Iphone y una vez descargada marca los paraderos cercanos y el tiempo estimado de llegada.<\/p>\n\n\n\n<p>Cada ruta tiene asignado un color y la \u201cApp\u201d te marca si el cami\u00f3n est\u00e1 cerca de tu ubicaci\u00f3n.<\/p>\n","protected":false},"excerpt":{"rendered":"<p>(Redacci\u00f3n) Te decimos c\u00f3mo bajar la app para utilizar este transporte, que ser\u00e1 gratuito en lo que resta del 2021 M\u00c9RIDA, Yucat\u00e1n, a 24 de noviembre de 2021.-Ya est\u00e1 disponible la aplicaci\u00f3n para los camiones del Perif\u00e9rico de M\u00e9rida, que inicia operaciones este s\u00e1bado 27 de noviembre. Como hemos informado, la ruta \u201cVa y ven\u201d [&hellip;]<\/p>\n","protected":false},"author":1,"featured_media":193345,"comment_status":"open","ping_status":"open","sticky":false,"template":"","format":"standard","meta":{"footnotes":""},"categories":[2],"tags":[],"class_list":["post-193344","post","type-post","status-publish","format-standard","has-post-thumbnail","hentry","category-yucatan","entry","has-media"],"jetpack_featured_media_url":"http:\/\/vertienteglobal.com\/wp-content\/uploads\/2021\/11\/RUTA_VA_Y_VEN_PERIFERICO_6-660x330-1.jpeg","_links":{"self":[{"href":"http:\/\/vertienteglobal.com\/index.php?rest_route=\/wp\/v2\/posts\/193344","targetHints":{"allow":["GET"]}}],"collection":[{"href":"http:\/\/vertienteglobal.com\/index.php?rest_route=\/wp\/v2\/posts"}],"about":[{"href":"http:\/\/vertienteglobal.com\/index.php?rest_route=\/wp\/v2\/types\/post"}],"author":[{"embeddable":true,"href":"http:\/\/vertienteglobal.com\/index.php?rest_route=\/wp\/v2\/users\/1"}],"replies":[{"embeddable":true,"href":"http:\/\/vertienteglobal.com\/index.php?rest_route=%2Fwp%2Fv2%2Fcomments&post=193344"}],"version-history":[{"count":0,"href":"http:\/\/vertienteglobal.com\/index.php?rest_route=\/wp\/v2\/posts\/193344\/revisions"}],"wp:featuredmedia":[{"embeddable":true,"href":"http:\/\/vertienteglobal.com\/index.php?rest_route=\/wp\/v2\/media\/193345"}],"wp:attachment":[{"href":"http:\/\/vertienteglobal.com\/index.php?rest_route=%2Fwp%2Fv2%2Fmedia&parent=193344"}],"wp:term":[{"taxonomy":"category","embeddable":true,"href":"http:\/\/vertienteglobal.com\/index.php?rest_route=%2Fwp%2Fv2%2Fcategories&post=193344"},{"taxonomy":"post_tag","embeddable":true,"href":"http:\/\/vertienteglobal.com\/index.php?rest_route=%2Fwp%2Fv2%2Ftags&post=193344"}],"curies":[{"name":"wp","href":"https:\/\/api.w.org\/{rel}","templated":true}]}}