{"id":193310,"date":"2021-11-24T18:24:00","date_gmt":"2021-11-25T00:24:00","guid":{"rendered":"http:\/\/vertienteglobal.com\/?p=193310"},"modified":"2021-11-24T18:50:29","modified_gmt":"2021-11-25T00:50:29","slug":"formalizan-alianza-estrategica-empresarial-para-tulum","status":"publish","type":"post","link":"http:\/\/vertienteglobal.com\/?p=193310","title":{"rendered":"Formalizan alianza estrat\u00e9gica empresarial para Tulum"},"content":{"rendered":"\n<div class=\"twitterbutton\" style=\"float: right; padding-left: 5px;\"><a href=\"http:\/\/twitter.com\/share\" class=\"twitter-share-button\" data-count=\"horizontal\" data-text=\"Formalizan alianza estrat\u00e9gica empresarial para Tulum\" data-via=\"https:\/\/twitter.com\/VertienteGloba1\" data-url=\"http:\/\/vertienteglobal.com\/?p=193310\" data-lang=\"es\" data-related=\"Informaci\u00f3n general:S\u00edguenos para que est\u00e9ss informado\"><\/a><\/div>\n<figure class=\"wp-block-image size-large\"><img loading=\"lazy\" decoding=\"async\" width=\"1024\" height=\"576\" src=\"http:\/\/vertienteglobal.com\/wp-content\/uploads\/2021\/11\/IMG-20211124-WA0092-1024x576.jpg\" alt=\"\" class=\"wp-image-193311\" srcset=\"http:\/\/vertienteglobal.com\/wp-content\/uploads\/2021\/11\/IMG-20211124-WA0092-1024x576.jpg 1024w, http:\/\/vertienteglobal.com\/wp-content\/uploads\/2021\/11\/IMG-20211124-WA0092-300x169.jpg 300w, http:\/\/vertienteglobal.com\/wp-content\/uploads\/2021\/11\/IMG-20211124-WA0092-150x84.jpg 150w, http:\/\/vertienteglobal.com\/wp-content\/uploads\/2021\/11\/IMG-20211124-WA0092-768x432.jpg 768w, http:\/\/vertienteglobal.com\/wp-content\/uploads\/2021\/11\/IMG-20211124-WA0092-1536x864.jpg 1536w, http:\/\/vertienteglobal.com\/wp-content\/uploads\/2021\/11\/IMG-20211124-WA0092.jpg 1600w\" sizes=\"auto, (max-width: 1024px) 100vw, 1024px\" \/><\/figure>\n\n\n\n<p>(Redacci\u00f3n)<\/p>\n\n\n\n<p>Tulum es un municipio con mucho potencial tur\u00edstico, m\u00e1s all\u00e1 de la zona de playa y la zona arqueol\u00f3gica, ubicada en la cabecera municipal, por lo que reiter\u00f3 que se puede trabajar mucho con el concepto de ecoturismo y turismo de aventura, cuidando siempre la parte sustentable<\/p>\n\n\n\n<p>Tulum, Quintana Roo.- En el marco del Tianguis Tur\u00edstico de M\u00e9rida, efectuado la semana pasada, la presidenta de la Comisi\u00f3n de Turismo en el Ayuntamiento de Tulum, Anah\u00ed Mendoza Samos, con el presidente de la Asociaci\u00f3n para la Cultura y el Turismo de Am\u00e9rica Latina (ACTUAL), Armando Boj\u00f3rquez Patr\u00f3n, formalizaron un acuerdo para promover el turismo.<\/p>\n\n\n\n<p>En este sentido coincidieron en establecer una alianza estrat\u00e9gica empresarial.<\/p>\n\n\n\n<p>La tambi\u00e9n regidora en el ayuntamiento de Tulum explic\u00f3 que en estos tiempos es muy importante poder unir fuerzas, hacer alianzas y trabajar de manera conjunta para poder alcanzar una reactivaci\u00f3n econ\u00f3mica.<\/p>\n\n\n\n<p>Dij\u00f3 que Armando Boj\u00f3rquez es todo un personaje en el sector tur\u00edstico a nivel nacional y su experiencia es valiosa para el sector.<\/p>\n\n\n\n<p>Por \u00faltimo agreg\u00f3 que Tulum es un municipio con mucho potencial tur\u00edstico, m\u00e1s all\u00e1 de la zona de playa y la zona arqueol\u00f3gica, ubicada en la cabecera municipal, por lo que reiter\u00f3 que se puede trabajar mucho con el concepto de ecoturismo y turismo de aventura, cuidando siempre la parte sustentable.<\/p>\n","protected":false},"excerpt":{"rendered":"<p>(Redacci\u00f3n) Tulum es un municipio con mucho potencial tur\u00edstico, m\u00e1s all\u00e1 de la zona de playa y la zona arqueol\u00f3gica, ubicada en la cabecera municipal, por lo que reiter\u00f3 que se puede trabajar mucho con el concepto de ecoturismo y turismo de aventura, cuidando siempre la parte sustentable Tulum, Quintana Roo.- En el marco del [&hellip;]<\/p>\n","protected":false},"author":1,"featured_media":193311,"comment_status":"open","ping_status":"open","sticky":false,"template":"","format":"standard","meta":{"footnotes":""},"categories":[3],"tags":[],"class_list":["post-193310","post","type-post","status-publish","format-standard","has-post-thumbnail","hentry","category-quintana-roo","entry","has-media"],"jetpack_featured_media_url":"http:\/\/vertienteglobal.com\/wp-content\/uploads\/2021\/11\/IMG-20211124-WA0092.jpg","_links":{"self":[{"href":"http:\/\/vertienteglobal.com\/index.php?rest_route=\/wp\/v2\/posts\/193310","targetHints":{"allow":["GET"]}}],"collection":[{"href":"http:\/\/vertienteglobal.com\/index.php?rest_route=\/wp\/v2\/posts"}],"about":[{"href":"http:\/\/vertienteglobal.com\/index.php?rest_route=\/wp\/v2\/types\/post"}],"author":[{"embeddable":true,"href":"http:\/\/vertienteglobal.com\/index.php?rest_route=\/wp\/v2\/users\/1"}],"replies":[{"embeddable":true,"href":"http:\/\/vertienteglobal.com\/index.php?rest_route=%2Fwp%2Fv2%2Fcomments&post=193310"}],"version-history":[{"count":0,"href":"http:\/\/vertienteglobal.com\/index.php?rest_route=\/wp\/v2\/posts\/193310\/revisions"}],"wp:featuredmedia":[{"embeddable":true,"href":"http:\/\/vertienteglobal.com\/index.php?rest_route=\/wp\/v2\/media\/193311"}],"wp:attachment":[{"href":"http:\/\/vertienteglobal.com\/index.php?rest_route=%2Fwp%2Fv2%2Fmedia&parent=193310"}],"wp:term":[{"taxonomy":"category","embeddable":true,"href":"http:\/\/vertienteglobal.com\/index.php?rest_route=%2Fwp%2Fv2%2Fcategories&post=193310"},{"taxonomy":"post_tag","embeddable":true,"href":"http:\/\/vertienteglobal.com\/index.php?rest_route=%2Fwp%2Fv2%2Ftags&post=193310"}],"curies":[{"name":"wp","href":"https:\/\/api.w.org\/{rel}","templated":true}]}}