{"id":193264,"date":"2021-11-23T07:09:00","date_gmt":"2021-11-23T13:09:00","guid":{"rendered":"http:\/\/vertienteglobal.com\/?p=193264"},"modified":"2021-11-23T21:44:15","modified_gmt":"2021-11-24T03:44:15","slug":"cafe-delicioso-producto-del-campo-mexicano","status":"publish","type":"post","link":"http:\/\/vertienteglobal.com\/?p=193264","title":{"rendered":"Caf\u00e9, delicioso producto del campo mexicano"},"content":{"rendered":"\n<div class=\"twitterbutton\" style=\"float: right; padding-left: 5px;\"><a href=\"http:\/\/twitter.com\/share\" class=\"twitter-share-button\" data-count=\"horizontal\" data-text=\"Caf\u00e9, delicioso producto del campo mexicano\" data-via=\"https:\/\/twitter.com\/VertienteGloba1\" data-url=\"http:\/\/vertienteglobal.com\/?p=193264\" data-lang=\"es\" data-related=\"Informaci\u00f3n general:S\u00edguenos para que est\u00e9ss informado\"><\/a><\/div>\n<figure class=\"wp-block-image size-large\"><img loading=\"lazy\" decoding=\"async\" width=\"619\" height=\"391\" src=\"http:\/\/vertienteglobal.com\/wp-content\/uploads\/2021\/11\/PORTADA_CAFE_.jpg\" alt=\"\" class=\"wp-image-193265\" srcset=\"http:\/\/vertienteglobal.com\/wp-content\/uploads\/2021\/11\/PORTADA_CAFE_.jpg 619w, http:\/\/vertienteglobal.com\/wp-content\/uploads\/2021\/11\/PORTADA_CAFE_-300x189.jpg 300w, http:\/\/vertienteglobal.com\/wp-content\/uploads\/2021\/11\/PORTADA_CAFE_-150x95.jpg 150w\" sizes=\"auto, (max-width: 619px) 100vw, 619px\" \/><\/figure>\n\n\n\n<p>(Redacci\u00f3n)<\/p>\n\n\n\n<p>El caf\u00e9 es la segunda bebida m\u00e1s consumida en el mundo, despu\u00e9s del agua, y esto seguramente se debe a que es un l\u00edquido enigmante, con un aroma y sabor \u00fanicos<br><br>Ciudad de M\u00e9xico a 23 de noviembre de 2021.-La historia del caf\u00e9 en M\u00e9xico comenz\u00f3 durante el siglo XVIII, en ese entonces no era muy popular porque todos los mexicanos estaban acostumbrados al dulce sabor del chocolate y no fue sino hasta varios a\u00f1os despu\u00e9s que empez\u00f3 a posicionarse en el gusto de la gente y aumentar su consumo, lo que llev\u00f3 a la apertura, en el siglo XIX, de la primera cafeter\u00eda en la Ciudad de M\u00e9xico.<\/p>\n\n\n\n<p>A partir de ese momento el caf\u00e9 fue volvi\u00e9ndose poco a poco un elemento fundamental en nuestra dieta a tal grado de estar muy presente en el d\u00eda a d\u00eda de los mexicanos, pues nunca puede faltar una buena taza de este grano a la hora de desayuno para terminar de despertarnos y poder comenzar con nuestras actividades.<\/p>\n\n\n\n<p>En cuanto a la producci\u00f3n, M\u00e9xico cuenta con las caracter\u00edsticas geogr\u00e1ficas adecuadas para producir un caf\u00e9 de calidad, colocando a nuestro pa\u00eds como el 13\u00b0 productor del arom\u00e1tico a nivel internacional y el primer productor de caf\u00e9 org\u00e1nico del mundo.<\/p>\n\n\n\n<p>Producci\u00f3n de caf\u00e9 en M\u00e9xico<\/p>\n\n\n\n<p>En 2020 se produjeron 953 mil 683 toneladas de caf\u00e9.<\/p>\n\n\n\n<p>Se cosecharon poco m\u00e1s de 636 mil hect\u00e1reas cultivadas con este grano.<\/p>\n\n\n\n<p>Se cultiva en 14 estados del pa\u00eds: Colima, Chiapas, Guerrero, Hidalgo, Jalisco, Estado de M\u00e9xico, Morelos, Nayarit, Oaxaca, Puebla, Quer\u00e9taro, San Luis Potos\u00ed, Tabasco y Veracruz.<\/p>\n\n\n\n<p>Chiapas, Veracruz y Puebla son los principales estados productores.<\/p>\n\n\n\n<p>La mayor disponibilidad del grano se da de diciembre a marzo.<\/p>\n\n\n\n<p>Beber una taza de caf\u00e9 al d\u00eda reduce el riesgo de obstrucci\u00f3n de las arterias y ataques cardiacos, adem\u00e1s de proveer antioxidantes factores de protecci\u00f3n contra el c\u00e1ncer y la aterosclerosis.<\/p>\n","protected":false},"excerpt":{"rendered":"<p>(Redacci\u00f3n) El caf\u00e9 es la segunda bebida m\u00e1s consumida en el mundo, despu\u00e9s del agua, y esto seguramente se debe a que es un l\u00edquido enigmante, con un aroma y sabor \u00fanicos Ciudad de M\u00e9xico a 23 de noviembre de 2021.-La historia del caf\u00e9 en M\u00e9xico comenz\u00f3 durante el siglo XVIII, en ese entonces no [&hellip;]<\/p>\n","protected":false},"author":1,"featured_media":193265,"comment_status":"open","ping_status":"open","sticky":false,"template":"","format":"standard","meta":{"footnotes":""},"categories":[8],"tags":[],"class_list":["post-193264","post","type-post","status-publish","format-standard","has-post-thumbnail","hentry","category-pais","entry","has-media"],"jetpack_featured_media_url":"http:\/\/vertienteglobal.com\/wp-content\/uploads\/2021\/11\/PORTADA_CAFE_.jpg","_links":{"self":[{"href":"http:\/\/vertienteglobal.com\/index.php?rest_route=\/wp\/v2\/posts\/193264","targetHints":{"allow":["GET"]}}],"collection":[{"href":"http:\/\/vertienteglobal.com\/index.php?rest_route=\/wp\/v2\/posts"}],"about":[{"href":"http:\/\/vertienteglobal.com\/index.php?rest_route=\/wp\/v2\/types\/post"}],"author":[{"embeddable":true,"href":"http:\/\/vertienteglobal.com\/index.php?rest_route=\/wp\/v2\/users\/1"}],"replies":[{"embeddable":true,"href":"http:\/\/vertienteglobal.com\/index.php?rest_route=%2Fwp%2Fv2%2Fcomments&post=193264"}],"version-history":[{"count":0,"href":"http:\/\/vertienteglobal.com\/index.php?rest_route=\/wp\/v2\/posts\/193264\/revisions"}],"wp:featuredmedia":[{"embeddable":true,"href":"http:\/\/vertienteglobal.com\/index.php?rest_route=\/wp\/v2\/media\/193265"}],"wp:attachment":[{"href":"http:\/\/vertienteglobal.com\/index.php?rest_route=%2Fwp%2Fv2%2Fmedia&parent=193264"}],"wp:term":[{"taxonomy":"category","embeddable":true,"href":"http:\/\/vertienteglobal.com\/index.php?rest_route=%2Fwp%2Fv2%2Fcategories&post=193264"},{"taxonomy":"post_tag","embeddable":true,"href":"http:\/\/vertienteglobal.com\/index.php?rest_route=%2Fwp%2Fv2%2Ftags&post=193264"}],"curies":[{"name":"wp","href":"https:\/\/api.w.org\/{rel}","templated":true}]}}