{"id":193007,"date":"2021-11-20T11:50:00","date_gmt":"2021-11-20T17:50:00","guid":{"rendered":"http:\/\/vertienteglobal.com\/?p=193007"},"modified":"2021-11-20T16:07:13","modified_gmt":"2021-11-20T22:07:13","slug":"agradece-semar-apoyo-tras-localizacion-con-vida-de-marinos-secuestrados","status":"publish","type":"post","link":"http:\/\/vertienteglobal.com\/?p=193007","title":{"rendered":"Agradece SEMAR apoyo tras localizaci\u00f3n con vida de Marinos secuestrados"},"content":{"rendered":"\n<div class=\"twitterbutton\" style=\"float: right; padding-left: 5px;\"><a href=\"http:\/\/twitter.com\/share\" class=\"twitter-share-button\" data-count=\"horizontal\" data-text=\"Agradece SEMAR apoyo tras localizaci\u00f3n con vida de Marinos secuestrados\" data-via=\"https:\/\/twitter.com\/VertienteGloba1\" data-url=\"http:\/\/vertienteglobal.com\/?p=193007\" data-lang=\"es\" data-related=\"Informaci\u00f3n general:S\u00edguenos para que est\u00e9ss informado\"><\/a><\/div>\n<figure class=\"wp-block-image size-large\"><img loading=\"lazy\" decoding=\"async\" width=\"692\" height=\"360\" src=\"http:\/\/vertienteglobal.com\/wp-content\/uploads\/2021\/11\/marinos_secuestrados-mencho-692x360-1.jpeg\" alt=\"\" class=\"wp-image-193008\" srcset=\"http:\/\/vertienteglobal.com\/wp-content\/uploads\/2021\/11\/marinos_secuestrados-mencho-692x360-1.jpeg 692w, http:\/\/vertienteglobal.com\/wp-content\/uploads\/2021\/11\/marinos_secuestrados-mencho-692x360-1-300x156.jpeg 300w, http:\/\/vertienteglobal.com\/wp-content\/uploads\/2021\/11\/marinos_secuestrados-mencho-692x360-1-150x78.jpeg 150w\" sizes=\"auto, (max-width: 692px) 100vw, 692px\" \/><\/figure>\n\n\n\n<p>(Redacci\u00f3n)<\/p>\n\n\n\n<p>Los elementos de la Secretar\u00eda de Marina fueron privados de la libertad el 15 de noviembre en Zapopan y localizados con vida en una colonia de Puerto Vallarta<\/p>\n\n\n\n<p>Ciudad de M\u00e9xico a 20 de noviembre de 2021.-Los dos elementos de la Secretar\u00eda de Marina-Armada de M\u00e9xico (Semar), que fueron secuestrados por sicarios del C\u00e1rtel Jalisco Nueva Generaci\u00f3n (CJNG), fueron encontrados con vida en una calle cercana a la zona naval ubicada en Puerto Vallarta, Jalisco.<\/p>\n\n\n\n<p>A trav\u00e9s de un comunicado, la Semar agradeci\u00f3 el apoyo y la solidaridad mostrada por el pueblo mexicano, los medios de comunicaci\u00f3n y de manera muy especial por la Comisi\u00f3n Nacional Antisecuestro, Centro Nacional de Inteligencia, Secretar\u00eda de la Defensa Nacional, Fiscal\u00eda General de la Rep\u00fablica, Guardia nacional y Polic\u00eda Municipal, as\u00ed como del Gobierno del Estado de Jalisco.<\/p>\n\n\n\n<p>De acuerdo con la Secretar\u00eda de Marina-Armada de M\u00e9xico (Semar), elementos de la polic\u00eda Municipal de Puerto Vallarta, dieron el aviso por lo cual se movilizaron diversas corporaciones, incluyendo elementos de la Guardia Nacional, que inform\u00f3 al Mando Naval a trav\u00e9s del C4, por lo que inmediatamente el personal de seguridad y de sanidad naval se dirigi\u00f3 al \u00e1rea se\u00f1alada, donde ya la Polic\u00eda Municipal realizaba acciones.<\/p>\n\n\n\n<p>La informaci\u00f3n proporcionada, se\u00f1ala que el elemento masculino con grado de Cabo, presentaba algunos golpes, mientras que la femenina con grado de 2do maestre, se encontraba intacta, por lo que una vez identificados se les efectu\u00f3 una revisi\u00f3n m\u00e9dica a bordo de la ambulancia, donde fueron trasladados a un hospital para su atenci\u00f3n especializada, presentando un buen estado de salud.<\/p>\n\n\n\n<p>Es importante destacar que, desde la desaparici\u00f3n de los dos elementos navales, se mantuvieron trabajos de inteligencia por parte de esta Instituci\u00f3n, actu\u00e1ndose en siempre conforme a derecho y con estricto respeto de los Derechos Humanos. Asimismo, se brind\u00f3 todo momento apoyo a los familiares, por parte de la Secretar\u00eda de Marina.<\/p>\n\n\n\n<p>Los trabajos de investigaci\u00f3n y el esfuerzo coordinado, se logr\u00f3 encontrar con vida a estos dos elementos que d\u00eda a d\u00eda trabajan al servicio del pa\u00eds, raz\u00f3n de fuerza por la que esta Instituci\u00f3n refrenda el compromiso de velar por la seguridad de los mexicanos y por el recurso m\u00e1s importante con el que cuenta, su personal. (Fuente: Exc\u00e9lsior)<\/p>\n\n\n\n<figure class=\"wp-block-image size-large\"><img loading=\"lazy\" decoding=\"async\" width=\"1000\" height=\"600\" src=\"http:\/\/vertienteglobal.com\/wp-content\/uploads\/2021\/11\/encuentran-con-vida-a-marinos-secuestrados-en-guadalajara.jpg\" alt=\"\" class=\"wp-image-193009\" srcset=\"http:\/\/vertienteglobal.com\/wp-content\/uploads\/2021\/11\/encuentran-con-vida-a-marinos-secuestrados-en-guadalajara.jpg 1000w, http:\/\/vertienteglobal.com\/wp-content\/uploads\/2021\/11\/encuentran-con-vida-a-marinos-secuestrados-en-guadalajara-300x180.jpg 300w, http:\/\/vertienteglobal.com\/wp-content\/uploads\/2021\/11\/encuentran-con-vida-a-marinos-secuestrados-en-guadalajara-150x90.jpg 150w, http:\/\/vertienteglobal.com\/wp-content\/uploads\/2021\/11\/encuentran-con-vida-a-marinos-secuestrados-en-guadalajara-768x461.jpg 768w\" sizes=\"auto, (max-width: 1000px) 100vw, 1000px\" \/><\/figure>\n","protected":false},"excerpt":{"rendered":"<p>(Redacci\u00f3n) Los elementos de la Secretar\u00eda de Marina fueron privados de la libertad el 15 de noviembre en Zapopan y localizados con vida en una colonia de Puerto Vallarta Ciudad de M\u00e9xico a 20 de noviembre de 2021.-Los dos elementos de la Secretar\u00eda de Marina-Armada de M\u00e9xico (Semar), que fueron secuestrados por sicarios del C\u00e1rtel [&hellip;]<\/p>\n","protected":false},"author":1,"featured_media":193008,"comment_status":"open","ping_status":"open","sticky":false,"template":"","format":"standard","meta":{"footnotes":""},"categories":[8],"tags":[],"class_list":["post-193007","post","type-post","status-publish","format-standard","has-post-thumbnail","hentry","category-pais","entry","has-media"],"jetpack_featured_media_url":"http:\/\/vertienteglobal.com\/wp-content\/uploads\/2021\/11\/marinos_secuestrados-mencho-692x360-1.jpeg","_links":{"self":[{"href":"http:\/\/vertienteglobal.com\/index.php?rest_route=\/wp\/v2\/posts\/193007","targetHints":{"allow":["GET"]}}],"collection":[{"href":"http:\/\/vertienteglobal.com\/index.php?rest_route=\/wp\/v2\/posts"}],"about":[{"href":"http:\/\/vertienteglobal.com\/index.php?rest_route=\/wp\/v2\/types\/post"}],"author":[{"embeddable":true,"href":"http:\/\/vertienteglobal.com\/index.php?rest_route=\/wp\/v2\/users\/1"}],"replies":[{"embeddable":true,"href":"http:\/\/vertienteglobal.com\/index.php?rest_route=%2Fwp%2Fv2%2Fcomments&post=193007"}],"version-history":[{"count":0,"href":"http:\/\/vertienteglobal.com\/index.php?rest_route=\/wp\/v2\/posts\/193007\/revisions"}],"wp:featuredmedia":[{"embeddable":true,"href":"http:\/\/vertienteglobal.com\/index.php?rest_route=\/wp\/v2\/media\/193008"}],"wp:attachment":[{"href":"http:\/\/vertienteglobal.com\/index.php?rest_route=%2Fwp%2Fv2%2Fmedia&parent=193007"}],"wp:term":[{"taxonomy":"category","embeddable":true,"href":"http:\/\/vertienteglobal.com\/index.php?rest_route=%2Fwp%2Fv2%2Fcategories&post=193007"},{"taxonomy":"post_tag","embeddable":true,"href":"http:\/\/vertienteglobal.com\/index.php?rest_route=%2Fwp%2Fv2%2Ftags&post=193007"}],"curies":[{"name":"wp","href":"https:\/\/api.w.org\/{rel}","templated":true}]}}