{"id":192922,"date":"2021-11-18T16:24:00","date_gmt":"2021-11-18T22:24:00","guid":{"rendered":"http:\/\/vertienteglobal.com\/?p=192922"},"modified":"2021-11-18T17:57:06","modified_gmt":"2021-11-18T23:57:06","slug":"cabildo-de-benito-juarez-aprueba-programa-de-regularizacion-para-el-bienestar-patrimonial","status":"publish","type":"post","link":"http:\/\/vertienteglobal.com\/?p=192922","title":{"rendered":"Cabildo de Benito Ju\u00e1rez aprueba programa de regularizaci\u00f3n para el bienestar patrimonial"},"content":{"rendered":"\n<div class=\"twitterbutton\" style=\"float: right; padding-left: 5px;\"><a href=\"http:\/\/twitter.com\/share\" class=\"twitter-share-button\" data-count=\"horizontal\" data-text=\"Cabildo de Benito Ju\u00e1rez aprueba programa de regularizaci\u00f3n para el bienestar ...\" data-via=\"https:\/\/twitter.com\/VertienteGloba1\" data-url=\"http:\/\/vertienteglobal.com\/?p=192922\" data-lang=\"es\" data-related=\"Informaci\u00f3n general:S\u00edguenos para que est\u00e9ss informado\"><\/a><\/div>\n<figure class=\"wp-block-image size-large\"><img loading=\"lazy\" decoding=\"async\" width=\"692\" height=\"360\" src=\"http:\/\/vertienteglobal.com\/wp-content\/uploads\/2021\/11\/WhatsApp-Image-2021-11-18-at-5.03.47-PM-692x360-1.jpeg\" alt=\"\" class=\"wp-image-192923\" srcset=\"http:\/\/vertienteglobal.com\/wp-content\/uploads\/2021\/11\/WhatsApp-Image-2021-11-18-at-5.03.47-PM-692x360-1.jpeg 692w, http:\/\/vertienteglobal.com\/wp-content\/uploads\/2021\/11\/WhatsApp-Image-2021-11-18-at-5.03.47-PM-692x360-1-300x156.jpeg 300w, http:\/\/vertienteglobal.com\/wp-content\/uploads\/2021\/11\/WhatsApp-Image-2021-11-18-at-5.03.47-PM-692x360-1-150x78.jpeg 150w\" sizes=\"auto, (max-width: 692px) 100vw, 692px\" \/><\/figure>\n\n\n\n<p>(Redacci\u00f3n)<\/p>\n\n\n\n<p>Se aprueba en cabildo el programa de regularizaci\u00f3n para el bienestar patrimonial.<br>Arranca el programa de regularizaci\u00f3n para el bienestar patrimonial<\/p>\n\n\n\n<p>Canc\u00fan, Quintana Roo a 18 de noviembre de .- Este jueves se ha dado un gran paso en la historia de los asentamientos irregulares, a trav\u00e9s de la Quinta Sesi\u00f3n Ordinaria del H. Ayuntamiento Constitucional de Benito Ju\u00e1rez, Quintana Roo, el regidor Samuel Mollinedo Portilla, presidente de la Comisi\u00f3n de Desarrollo Urbano y Transporte en conjunto con la presidente municipal Mara Lezama y los 14 regidores que conforman el actual cabildo de nuestro municipio han aprobado por unanimidad el Programa de Regularizaci\u00f3n para el Bienestar Patrimonial siendo este banderazo de inicio para las numerosas y arduas acciones que se implementar\u00e1n en esta administraci\u00f3n para Acortar las brechas de desigualdad que existen, brindando as\u00ed, certeza jur\u00eddica de la tierra para miles de familias benitojuarenses.<\/p>\n\n\n\n<p>Entre las acciones que este programa plantea destacan los convenios de est\u00edmulos fiscales con el Gobierno del Estado, convenios con Notarios y otros gremios colegiados para lograr atacar la incertidumbre jur\u00eddica de la tenencia de la tierra logrando que un sin n\u00famero de familias que se encuentran viviendo en asentamientos irregulares logren la escrituraci\u00f3n o titulaci\u00f3n de su patrimonio, de igual manera esta pol\u00edtica p\u00fablica busca incrementar el patrimonio municipal para tener la certeza a la hora de invertir recursos p\u00fablicos en estas colonias.<\/p>\n\n\n\n<p>\u201cEl programa de Regularizaci\u00f3n para el Bienestar Patrimonial busca revivir el prop\u00f3sito por el cual se creo esta hermosa ciudad llamada Canc\u00fan. Desde su origen el objetivo era claro, no solo se trataba de crear un proyecto para atraer divisas, sino tambi\u00e9n de emplear los recursos de las propias regiones para mejorar las condiciones de vida de los habitantes de la zona\u201d, mencion\u00f3 el regidor Samuel Mollinedo Portilla.<\/p>\n\n\n\n<p>Se pretende solucionar el tr\u00e1mite de la escrituraci\u00f3n y titulaci\u00f3n a las personas que carecen de lo m\u00e1s valioso que tiene una familia, el patrimonio; y poder programar paulatinamente la dotaci\u00f3n de infraestructura p\u00fablica b\u00e1sica a las colonias que no cuenten con ella.<\/p>\n\n\n\n<p>Los datos de los censos realizados por diversas autoridades y organismos, siempre han tenido datos imprecisos o est\u00e1n muy alejados de la realidad actual, sin embargo con lacon la recopilaci\u00f3n de informaci\u00f3n y datos de distintas \u00e1reas de los tres ordenes de gobierno, se puede observar que actualmente existen aproximadamente 213 asentamientos humanos irregulares, en donde se estima que habitan aproximadamente 250,000 personas, es decir casi el 30% de la poblaci\u00f3n de Canc\u00fan.<\/p>\n\n\n\n<p>Tres de cada 10 diez personas que viven en Benito Ju\u00e1rez, carecen de alguna de las siguientes necesidades b\u00e1sicas: infraestructura p\u00fablica (como drenaje, agua, alumbrado p\u00fablico, calles pavimentadas, banquetas etc.), certeza jur\u00eddica de los posesionarios en la tenencia de la tierra, o bien que carecen de recursos para poder escriturar sus hogares y que conlleva a la contaminaci\u00f3n del medio ambiente.<\/p>\n\n\n\n<p>Por ello la necesidad urgente de resolver esta problem\u00e1tica de ra\u00edz siendo necesario emprender acciones coordinadas con el gobierno federal y estatal para establecer soluci\u00f3n a la deuda hist\u00f3rica que se tenia con los benitojuarenses.<\/p>\n\n\n\n<figure class=\"wp-block-image size-large\"><img loading=\"lazy\" decoding=\"async\" width=\"1024\" height=\"683\" src=\"http:\/\/vertienteglobal.com\/wp-content\/uploads\/2021\/11\/WhatsApp-Image-2021-11-18-at-5.03.48-PM.jpeg\" alt=\"\" class=\"wp-image-192924\" srcset=\"http:\/\/vertienteglobal.com\/wp-content\/uploads\/2021\/11\/WhatsApp-Image-2021-11-18-at-5.03.48-PM.jpeg 1024w, http:\/\/vertienteglobal.com\/wp-content\/uploads\/2021\/11\/WhatsApp-Image-2021-11-18-at-5.03.48-PM-300x200.jpeg 300w, http:\/\/vertienteglobal.com\/wp-content\/uploads\/2021\/11\/WhatsApp-Image-2021-11-18-at-5.03.48-PM-150x100.jpeg 150w, http:\/\/vertienteglobal.com\/wp-content\/uploads\/2021\/11\/WhatsApp-Image-2021-11-18-at-5.03.48-PM-768x512.jpeg 768w\" sizes=\"auto, (max-width: 1024px) 100vw, 1024px\" \/><\/figure>\n","protected":false},"excerpt":{"rendered":"<p>(Redacci\u00f3n) Se aprueba en cabildo el programa de regularizaci\u00f3n para el bienestar patrimonial.Arranca el programa de regularizaci\u00f3n para el bienestar patrimonial Canc\u00fan, Quintana Roo a 18 de noviembre de .- Este jueves se ha dado un gran paso en la historia de los asentamientos irregulares, a trav\u00e9s de la Quinta Sesi\u00f3n Ordinaria del H. Ayuntamiento [&hellip;]<\/p>\n","protected":false},"author":1,"featured_media":192923,"comment_status":"open","ping_status":"open","sticky":false,"template":"","format":"standard","meta":{"footnotes":""},"categories":[3],"tags":[],"class_list":["post-192922","post","type-post","status-publish","format-standard","has-post-thumbnail","hentry","category-quintana-roo","entry","has-media"],"jetpack_featured_media_url":"http:\/\/vertienteglobal.com\/wp-content\/uploads\/2021\/11\/WhatsApp-Image-2021-11-18-at-5.03.47-PM-692x360-1.jpeg","_links":{"self":[{"href":"http:\/\/vertienteglobal.com\/index.php?rest_route=\/wp\/v2\/posts\/192922","targetHints":{"allow":["GET"]}}],"collection":[{"href":"http:\/\/vertienteglobal.com\/index.php?rest_route=\/wp\/v2\/posts"}],"about":[{"href":"http:\/\/vertienteglobal.com\/index.php?rest_route=\/wp\/v2\/types\/post"}],"author":[{"embeddable":true,"href":"http:\/\/vertienteglobal.com\/index.php?rest_route=\/wp\/v2\/users\/1"}],"replies":[{"embeddable":true,"href":"http:\/\/vertienteglobal.com\/index.php?rest_route=%2Fwp%2Fv2%2Fcomments&post=192922"}],"version-history":[{"count":0,"href":"http:\/\/vertienteglobal.com\/index.php?rest_route=\/wp\/v2\/posts\/192922\/revisions"}],"wp:featuredmedia":[{"embeddable":true,"href":"http:\/\/vertienteglobal.com\/index.php?rest_route=\/wp\/v2\/media\/192923"}],"wp:attachment":[{"href":"http:\/\/vertienteglobal.com\/index.php?rest_route=%2Fwp%2Fv2%2Fmedia&parent=192922"}],"wp:term":[{"taxonomy":"category","embeddable":true,"href":"http:\/\/vertienteglobal.com\/index.php?rest_route=%2Fwp%2Fv2%2Fcategories&post=192922"},{"taxonomy":"post_tag","embeddable":true,"href":"http:\/\/vertienteglobal.com\/index.php?rest_route=%2Fwp%2Fv2%2Ftags&post=192922"}],"curies":[{"name":"wp","href":"https:\/\/api.w.org\/{rel}","templated":true}]}}