{"id":192887,"date":"2021-11-18T11:24:00","date_gmt":"2021-11-18T17:24:00","guid":{"rendered":"http:\/\/vertienteglobal.com\/?p=192887"},"modified":"2021-11-18T12:13:52","modified_gmt":"2021-11-18T18:13:52","slug":"aranca-reunion-entre-amlo-y-trudeau-previo-a-cumbre-tocaran-temas-de-comercio-e-inversiones","status":"publish","type":"post","link":"http:\/\/vertienteglobal.com\/?p=192887","title":{"rendered":"Aranca reuni\u00f3n entre AMLO y Trudeau previo a cumbre: Tocaran temas de comercio e inversiones"},"content":{"rendered":"\n<div class=\"twitterbutton\" style=\"float: right; padding-left: 5px;\"><a href=\"http:\/\/twitter.com\/share\" class=\"twitter-share-button\" data-count=\"horizontal\" data-text=\"Aranca reuni\u00f3n entre AMLO y Trudeau previo a cumbre: Tocaran temas de comercio ...\" data-via=\"https:\/\/twitter.com\/VertienteGloba1\" data-url=\"http:\/\/vertienteglobal.com\/?p=192887\" data-lang=\"es\" data-related=\"Informaci\u00f3n general:S\u00edguenos para que est\u00e9ss informado\"><\/a><\/div>\n<figure class=\"wp-block-image size-large\"><img loading=\"lazy\" decoding=\"async\" width=\"640\" height=\"360\" src=\"http:\/\/vertienteglobal.com\/wp-content\/uploads\/2021\/11\/20211118_130854.jpg\" alt=\"\" class=\"wp-image-192888\" srcset=\"http:\/\/vertienteglobal.com\/wp-content\/uploads\/2021\/11\/20211118_130854.jpg 640w, http:\/\/vertienteglobal.com\/wp-content\/uploads\/2021\/11\/20211118_130854-300x169.jpg 300w, http:\/\/vertienteglobal.com\/wp-content\/uploads\/2021\/11\/20211118_130854-150x84.jpg 150w\" sizes=\"auto, (max-width: 640px) 100vw, 640px\" \/><\/figure>\n\n\n\n<p>(Redacci\u00f3n\/Agencias)<\/p>\n\n\n\n<p>Los jefes de Estado de M\u00e9xico y Canad\u00e1 se re\u00fanen en Washington para abordar cooperaci\u00f3n econ\u00f3mica. respeto a ind\u00edgenas y mujeres<\/p>\n\n\n\n<p>Washinton, DC, EEUU, a 18 de noviembre de 2021.- El presidente Andr\u00e9s Manuel L\u00f3pez Obrador se reuni\u00f3 con el primer ministro de Canad\u00e1, Justin Trudeau, en el Instituto Cultural Mexicano, en Washington, para sostener un encuentro bilateral previo a la cumbre de L\u00edderes de Am\u00e9rica del Norte.<\/p>\n\n\n\n<p>Se trata del primer encuentro de los jefes de Estado presencial desde que L\u00f3pez Obrador asumi\u00f3 la Presidencia de la Rep\u00fablica en 2018.<\/p>\n\n\n\n<p>Al recibir a su hom\u00f3logo canadiense, el mandatario mexicano reconoci\u00f3 la amistad que existe entre ambas naciones y confi\u00f3 que esta perdure con mayor cooperaci\u00f3n tras el encuentro.<\/p>\n\n\n\n<p>\u201cEstamos muy contentos de encontrarnos con el primer ministro Trudeau somos pueblos y naciones hermanas y estamos muy cerca, pertenecemos a Am\u00e9rica del Norte y tenemos muchas cosas en com\u00fan, la m\u00e1s importante una buena relaci\u00f3n de cooperaci\u00f3n y amistad\u201d, enfatiz\u00f3 el jefe del Ejecutivo mexicano.<\/p>\n\n\n\n<p>A su vez, Justin Trudeau dijo sentirse muy satisfecho por el liderazgo que encabeza el presidente L\u00f3pez Obrador y dijo que tienen muchas cosas de qu\u00e9 hablar y ponerse de acuerdo. Su mensaje fue en ingl\u00e9s y franc\u00e9s.<\/p>\n\n\n\n<p>Entre estos, Trudeau dijo que abordar\u00e1n la inclusi\u00f3n de las mujeres y el respeto a los derechos ind\u00edgenas.<\/p>\n\n\n\n<p>\u201cEs un placer estar aqu\u00ed con el presidente de M\u00e9xico y esperamos tener una buena reuni\u00f3n, tenemos mucho que hablar\u201d, dijo el primer ministro canadiense.<\/p>\n\n\n\n<p>Esta semana, los cancilleres de ambos pa\u00edses detallaron la agenda de ambos mandatarios donde se acord\u00f3 abordan temas relacionados con la importancia del comercio y las inversiones, incluso en el sector minero y energ\u00e9tico.<\/p>\n\n\n\n<p>A la reuni\u00f3n asisten el canciller Marcelo Ebrard, el embajador de M\u00e9xico en Estados Unidos, Esteban Moctezuma, el subsecretario de Prevenci\u00f3n y Promoci\u00f3n de la Salud, Hugo L\u00f3pez-Gatell y el titular del Instituto Nacional de Migraci\u00f3n, Francisco Gardu\u00f1o. (Fuente: Forbes)<\/p>\n","protected":false},"excerpt":{"rendered":"<p>(Redacci\u00f3n\/Agencias) Los jefes de Estado de M\u00e9xico y Canad\u00e1 se re\u00fanen en Washington para abordar cooperaci\u00f3n econ\u00f3mica. respeto a ind\u00edgenas y mujeres Washinton, DC, EEUU, a 18 de noviembre de 2021.- El presidente Andr\u00e9s Manuel L\u00f3pez Obrador se reuni\u00f3 con el primer ministro de Canad\u00e1, Justin Trudeau, en el Instituto Cultural Mexicano, en Washington, para [&hellip;]<\/p>\n","protected":false},"author":1,"featured_media":192888,"comment_status":"open","ping_status":"open","sticky":false,"template":"","format":"standard","meta":{"footnotes":""},"categories":[8],"tags":[],"class_list":["post-192887","post","type-post","status-publish","format-standard","has-post-thumbnail","hentry","category-pais","entry","has-media"],"jetpack_featured_media_url":"http:\/\/vertienteglobal.com\/wp-content\/uploads\/2021\/11\/20211118_130854.jpg","_links":{"self":[{"href":"http:\/\/vertienteglobal.com\/index.php?rest_route=\/wp\/v2\/posts\/192887","targetHints":{"allow":["GET"]}}],"collection":[{"href":"http:\/\/vertienteglobal.com\/index.php?rest_route=\/wp\/v2\/posts"}],"about":[{"href":"http:\/\/vertienteglobal.com\/index.php?rest_route=\/wp\/v2\/types\/post"}],"author":[{"embeddable":true,"href":"http:\/\/vertienteglobal.com\/index.php?rest_route=\/wp\/v2\/users\/1"}],"replies":[{"embeddable":true,"href":"http:\/\/vertienteglobal.com\/index.php?rest_route=%2Fwp%2Fv2%2Fcomments&post=192887"}],"version-history":[{"count":0,"href":"http:\/\/vertienteglobal.com\/index.php?rest_route=\/wp\/v2\/posts\/192887\/revisions"}],"wp:featuredmedia":[{"embeddable":true,"href":"http:\/\/vertienteglobal.com\/index.php?rest_route=\/wp\/v2\/media\/192888"}],"wp:attachment":[{"href":"http:\/\/vertienteglobal.com\/index.php?rest_route=%2Fwp%2Fv2%2Fmedia&parent=192887"}],"wp:term":[{"taxonomy":"category","embeddable":true,"href":"http:\/\/vertienteglobal.com\/index.php?rest_route=%2Fwp%2Fv2%2Fcategories&post=192887"},{"taxonomy":"post_tag","embeddable":true,"href":"http:\/\/vertienteglobal.com\/index.php?rest_route=%2Fwp%2Fv2%2Ftags&post=192887"}],"curies":[{"name":"wp","href":"https:\/\/api.w.org\/{rel}","templated":true}]}}