{"id":192857,"date":"2021-11-17T16:51:00","date_gmt":"2021-11-17T22:51:00","guid":{"rendered":"http:\/\/vertienteglobal.com\/?p=192857"},"modified":"2021-11-17T17:25:06","modified_gmt":"2021-11-17T23:25:06","slug":"capacitaran-a-jovenes-emprendedores-en-temas-tecnologicos-en-yucatan","status":"publish","type":"post","link":"http:\/\/vertienteglobal.com\/?p=192857","title":{"rendered":"Capacitaran a j\u00f3venes emprendedores en temas tecnol\u00f3gicos en Yucat\u00e1n"},"content":{"rendered":"\n<div class=\"twitterbutton\" style=\"float: right; padding-left: 5px;\"><a href=\"http:\/\/twitter.com\/share\" class=\"twitter-share-button\" data-count=\"horizontal\" data-text=\"Capacitaran a j\u00f3venes emprendedores en temas tecnol\u00f3gicos en Yucat\u00e1n\" data-via=\"https:\/\/twitter.com\/VertienteGloba1\" data-url=\"http:\/\/vertienteglobal.com\/?p=192857\" data-lang=\"es\" data-related=\"Informaci\u00f3n general:S\u00edguenos para que est\u00e9ss informado\"><\/a><\/div>\n<figure class=\"wp-block-image size-large\"><img loading=\"lazy\" decoding=\"async\" width=\"720\" height=\"480\" src=\"http:\/\/vertienteglobal.com\/wp-content\/uploads\/2021\/11\/IMG-20211117-WA0086.jpg\" alt=\"\" class=\"wp-image-192858\" srcset=\"http:\/\/vertienteglobal.com\/wp-content\/uploads\/2021\/11\/IMG-20211117-WA0086.jpg 720w, http:\/\/vertienteglobal.com\/wp-content\/uploads\/2021\/11\/IMG-20211117-WA0086-300x200.jpg 300w, http:\/\/vertienteglobal.com\/wp-content\/uploads\/2021\/11\/IMG-20211117-WA0086-150x100.jpg 150w\" sizes=\"auto, (max-width: 720px) 100vw, 720px\" \/><\/figure>\n\n\n\n<p>(Redacci\u00f3n)<\/p>\n\n\n\n<p><\/p>\n\n\n\n<p>M\u00e9rida, Yucat\u00e1n a 17 de noviembre de 2021.-Para ayudar a crear emprendimientos para que j\u00f3venes se puedan integrar al sector productivo yucateco, la asociaci\u00f3n civil, Interculturalidad, Salud y Derechos A.C. (Insade) dar\u00e1 un curso de computaci\u00f3n a j\u00f3venes del sur de la ciudad, con el que obtendr\u00e1n herramientas que les permitir\u00e1n realizar proyectos que les genere recursos.<br>En entrevista con Novedades de Yucat\u00e1n, el presidente de INSADE, Daniel Serrano De Rejil, detall\u00f3 que la capacitaci\u00f3n ser\u00e1 para 35 j\u00f3venes, a los que se ense\u00f1ar\u00e1 autonom\u00eda econ\u00f3mica.<\/p>\n\n\n\n<p>\u201cA trav\u00e9s de un convenio de colaboraci\u00f3n con la Subdirecci\u00f3n de Prevenci\u00f3n Social del Delito y Participaci\u00f3n Ciudadana de la Polic\u00eda Municipal de M\u00e9rida, se capacitar\u00e1 a estos j\u00f3venes en clases de emprendimiento y c\u00f3mputo para que puedan desarrollar sus propios negocios\u201d, explic\u00f3.<\/p>\n\n\n\n<p>A\u00f1adi\u00f3 que la pandemia de Covid-19, evidenci\u00f3 mucho las carencias digitales y de c\u00f3mputo de la poblaci\u00f3n en general, por lo que es un buen momento para capacitar a estos j\u00f3venes en habilidades digitales, sobre todo otorgarles herramientas computacionales a estos adolescentes que les ayuden en su reinserci\u00f3n social.<\/p>\n\n\n\n<p>Por su parte la directora de la empresa social VISION RB, Amaranda Becerra Puerto, precis\u00f3 que esta capacitaci\u00f3n se realizar\u00e1 el pr\u00f3ximo 22 de noviembre de 3 a 6 de la tarde, con instructores especializados en el tema de emprendimiento, c\u00f3mputo y herramientas digitales.<\/p>\n\n\n\n<p>Coment\u00f3 que en colaboraci\u00f3n con INSADE, VISION RB y las autoridades municipales, se trabaja a favor de los j\u00f3venes de la ciudad, pero tambi\u00e9n se les brinda capacitaci\u00f3n para que puedan emprender y estar preparados en estos temas.<\/p>\n\n\n\n<p>\u201cEs una capacitaci\u00f3n presencial, con todas las medidas de bioseguridad, en que se les dar\u00e1n clases de computaci\u00f3n b\u00e1sica, como paqueter\u00eda de Office, emprendimiento, poco a poco se les dar\u00e1n otros cursos, para que puedan tener herramientas para emprender y tener mejores oportunidades laborales\u201d, afirm\u00f3.<\/p>\n\n\n\n<figure class=\"wp-block-image size-large\"><img loading=\"lazy\" decoding=\"async\" width=\"720\" height=\"480\" src=\"http:\/\/vertienteglobal.com\/wp-content\/uploads\/2021\/11\/IMG-20211117-WA0087.jpg\" alt=\"\" class=\"wp-image-192859\" srcset=\"http:\/\/vertienteglobal.com\/wp-content\/uploads\/2021\/11\/IMG-20211117-WA0087.jpg 720w, http:\/\/vertienteglobal.com\/wp-content\/uploads\/2021\/11\/IMG-20211117-WA0087-300x200.jpg 300w, http:\/\/vertienteglobal.com\/wp-content\/uploads\/2021\/11\/IMG-20211117-WA0087-150x100.jpg 150w\" sizes=\"auto, (max-width: 720px) 100vw, 720px\" \/><\/figure>\n","protected":false},"excerpt":{"rendered":"<p>(Redacci\u00f3n) M\u00e9rida, Yucat\u00e1n a 17 de noviembre de 2021.-Para ayudar a crear emprendimientos para que j\u00f3venes se puedan integrar al sector productivo yucateco, la asociaci\u00f3n civil, Interculturalidad, Salud y Derechos A.C. (Insade) dar\u00e1 un curso de computaci\u00f3n a j\u00f3venes del sur de la ciudad, con el que obtendr\u00e1n herramientas que les permitir\u00e1n realizar proyectos que [&hellip;]<\/p>\n","protected":false},"author":1,"featured_media":192858,"comment_status":"open","ping_status":"open","sticky":false,"template":"","format":"standard","meta":{"footnotes":""},"categories":[2],"tags":[],"class_list":["post-192857","post","type-post","status-publish","format-standard","has-post-thumbnail","hentry","category-yucatan","entry","has-media"],"jetpack_featured_media_url":"http:\/\/vertienteglobal.com\/wp-content\/uploads\/2021\/11\/IMG-20211117-WA0086.jpg","_links":{"self":[{"href":"http:\/\/vertienteglobal.com\/index.php?rest_route=\/wp\/v2\/posts\/192857","targetHints":{"allow":["GET"]}}],"collection":[{"href":"http:\/\/vertienteglobal.com\/index.php?rest_route=\/wp\/v2\/posts"}],"about":[{"href":"http:\/\/vertienteglobal.com\/index.php?rest_route=\/wp\/v2\/types\/post"}],"author":[{"embeddable":true,"href":"http:\/\/vertienteglobal.com\/index.php?rest_route=\/wp\/v2\/users\/1"}],"replies":[{"embeddable":true,"href":"http:\/\/vertienteglobal.com\/index.php?rest_route=%2Fwp%2Fv2%2Fcomments&post=192857"}],"version-history":[{"count":0,"href":"http:\/\/vertienteglobal.com\/index.php?rest_route=\/wp\/v2\/posts\/192857\/revisions"}],"wp:featuredmedia":[{"embeddable":true,"href":"http:\/\/vertienteglobal.com\/index.php?rest_route=\/wp\/v2\/media\/192858"}],"wp:attachment":[{"href":"http:\/\/vertienteglobal.com\/index.php?rest_route=%2Fwp%2Fv2%2Fmedia&parent=192857"}],"wp:term":[{"taxonomy":"category","embeddable":true,"href":"http:\/\/vertienteglobal.com\/index.php?rest_route=%2Fwp%2Fv2%2Fcategories&post=192857"},{"taxonomy":"post_tag","embeddable":true,"href":"http:\/\/vertienteglobal.com\/index.php?rest_route=%2Fwp%2Fv2%2Ftags&post=192857"}],"curies":[{"name":"wp","href":"https:\/\/api.w.org\/{rel}","templated":true}]}}