{"id":192815,"date":"2021-11-16T08:50:00","date_gmt":"2021-11-16T14:50:00","guid":{"rendered":"http:\/\/vertienteglobal.com\/?p=192815"},"modified":"2021-11-16T08:44:30","modified_gmt":"2021-11-16T14:44:30","slug":"amlo-sobrevolara-hoy-el-tramo-5-cancun-a-puerto-morelos-el-tramo-sera-modificado","status":"publish","type":"post","link":"http:\/\/vertienteglobal.com\/?p=192815","title":{"rendered":"AMLO sobrevolara hoy el tramo 5 Canc\u00fan a Puerto Morelos, el tramo ser\u00e1 modificado"},"content":{"rendered":"\n<div class=\"twitterbutton\" style=\"float: right; padding-left: 5px;\"><a href=\"http:\/\/twitter.com\/share\" class=\"twitter-share-button\" data-count=\"horizontal\" data-text=\"AMLO sobrevolara hoy el tramo 5 Canc\u00fan a Puerto Morelos, el tramo ser\u00e1 modific...\" data-via=\"https:\/\/twitter.com\/VertienteGloba1\" data-url=\"http:\/\/vertienteglobal.com\/?p=192815\" data-lang=\"es\" data-related=\"Informaci\u00f3n general:S\u00edguenos para que est\u00e9ss informado\"><\/a><\/div>\n<figure class=\"wp-block-image size-large\"><img loading=\"lazy\" decoding=\"async\" width=\"1023\" height=\"630\" src=\"http:\/\/vertienteglobal.com\/wp-content\/uploads\/2021\/11\/cancun.jpg\" alt=\"\" class=\"wp-image-192816\" srcset=\"http:\/\/vertienteglobal.com\/wp-content\/uploads\/2021\/11\/cancun.jpg 1023w, http:\/\/vertienteglobal.com\/wp-content\/uploads\/2021\/11\/cancun-300x185.jpg 300w, http:\/\/vertienteglobal.com\/wp-content\/uploads\/2021\/11\/cancun-150x92.jpg 150w, http:\/\/vertienteglobal.com\/wp-content\/uploads\/2021\/11\/cancun-768x473.jpg 768w\" sizes=\"auto, (max-width: 1023px) 100vw, 1023px\" \/><\/figure>\n\n\n\n<p>(Redacci\u00f3n)<\/p>\n\n\n\n<p>La modificaci\u00f3n del tramo 5 del Tren Maya que va de Canc\u00fan a Playa del Carmen, a la altura de Puerto Morelos, pues ya no pasar\u00e1 por el derecho de v\u00eda de la carretera federal 307, sino que ser\u00e1 por un costado de la misma, hacia la que es la colonia \u201cZetina Gasca\u201d<\/p>\n\n\n\n<p>Ciudad de M\u00e9xico, a 16 de noviembre de 2021.- El presidente de M\u00e9xico, Andr\u00e9s Manuel L\u00f3pez Obrador sobrevolar\u00e1 hoy el Municipio de Puerto Morelos, despu\u00e9s de participar en la inauguraci\u00f3n del \u201cTianguis Tur\u00edstico de M\u00e9xico\u201d, que se llevar\u00e1 a cabo en el Centro de Convenciones \u201cSiglo XXI\u201d de M\u00e9rida, Yucat\u00e1n.<\/p>\n\n\n\n<p>Y es que trascendi\u00f3 que el Presidente de M\u00e9xico supervisar\u00e1 por aire la modificaci\u00f3n del tramo 5 del Tren Maya que va de Canc\u00fan a Playa del Carmen, a la altura de Puerto Morelos, pues ya no pasar\u00e1 por el derecho de v\u00eda de la carretera federal 307, sino que ser\u00e1 por un costado de la misma, hacia la que es la colonia \u201cZetina Gasca\u201d.<\/p>\n\n\n\n<p>De igual forma realizar\u00e1 un sobrevuelo sobre el Tramo 4, que comprende un recorrido de 239.5 kil\u00f3metros entre M\u00e9rida y Canc\u00fan, donde contin\u00faan las labores de abatimiento de la carretera existente y la construcci\u00f3n de pasos vehiculares. En Um\u00e1n, Yucat\u00e1n, se est\u00e1n finalizando los trabajos de preparaci\u00f3n en la f\u00e1brica de durmientes, con el objetivo de iniciar la operaci\u00f3n esta semana.<\/p>\n\n\n\n<p>Alternativamente en Nuevo Xcan, L\u00e1zaro C\u00e1rdenas, Quintana Roo, ser\u00e1 presentada la maqueta que muestra el dise\u00f1o de la Estaci\u00f3n del Tren, donde esperan contar con la presencia de autoridades del Fondo Nacional de Fomento al Turismo (Fonatur) y del Ejido.<\/p>\n\n\n\n<p>Por lo que seg\u00fan la agenda, y que puede estar sujeta a cambios, para el mi\u00e9rcoles 17 de noviembre, el Presidente de M\u00e9xico, Andr\u00e9s Manuel L\u00f3pez Obrador encabezar\u00e1 su conferencia ma\u00f1anera en la \u201cCiudad Militar\u201d en Isla Mujeres y de ah\u00ed regresar\u00e1 a M\u00e9rida, Yucat\u00e1n.<\/p>\n\n\n\n<figure class=\"wp-block-image size-large\"><img loading=\"lazy\" decoding=\"async\" width=\"800\" height=\"400\" src=\"http:\/\/vertienteglobal.com\/wp-content\/uploads\/2021\/11\/maya.jpg\" alt=\"\" class=\"wp-image-192817\" srcset=\"http:\/\/vertienteglobal.com\/wp-content\/uploads\/2021\/11\/maya.jpg 800w, http:\/\/vertienteglobal.com\/wp-content\/uploads\/2021\/11\/maya-300x150.jpg 300w, http:\/\/vertienteglobal.com\/wp-content\/uploads\/2021\/11\/maya-150x75.jpg 150w, http:\/\/vertienteglobal.com\/wp-content\/uploads\/2021\/11\/maya-768x384.jpg 768w\" sizes=\"auto, (max-width: 800px) 100vw, 800px\" \/><\/figure>\n","protected":false},"excerpt":{"rendered":"<p>(Redacci\u00f3n) La modificaci\u00f3n del tramo 5 del Tren Maya que va de Canc\u00fan a Playa del Carmen, a la altura de Puerto Morelos, pues ya no pasar\u00e1 por el derecho de v\u00eda de la carretera federal 307, sino que ser\u00e1 por un costado de la misma, hacia la que es la colonia \u201cZetina Gasca\u201d Ciudad [&hellip;]<\/p>\n","protected":false},"author":1,"featured_media":192816,"comment_status":"open","ping_status":"open","sticky":false,"template":"","format":"standard","meta":{"footnotes":""},"categories":[8,3,2],"tags":[],"class_list":["post-192815","post","type-post","status-publish","format-standard","has-post-thumbnail","hentry","category-pais","category-quintana-roo","category-yucatan","entry","has-media"],"jetpack_featured_media_url":"http:\/\/vertienteglobal.com\/wp-content\/uploads\/2021\/11\/cancun.jpg","_links":{"self":[{"href":"http:\/\/vertienteglobal.com\/index.php?rest_route=\/wp\/v2\/posts\/192815","targetHints":{"allow":["GET"]}}],"collection":[{"href":"http:\/\/vertienteglobal.com\/index.php?rest_route=\/wp\/v2\/posts"}],"about":[{"href":"http:\/\/vertienteglobal.com\/index.php?rest_route=\/wp\/v2\/types\/post"}],"author":[{"embeddable":true,"href":"http:\/\/vertienteglobal.com\/index.php?rest_route=\/wp\/v2\/users\/1"}],"replies":[{"embeddable":true,"href":"http:\/\/vertienteglobal.com\/index.php?rest_route=%2Fwp%2Fv2%2Fcomments&post=192815"}],"version-history":[{"count":0,"href":"http:\/\/vertienteglobal.com\/index.php?rest_route=\/wp\/v2\/posts\/192815\/revisions"}],"wp:featuredmedia":[{"embeddable":true,"href":"http:\/\/vertienteglobal.com\/index.php?rest_route=\/wp\/v2\/media\/192816"}],"wp:attachment":[{"href":"http:\/\/vertienteglobal.com\/index.php?rest_route=%2Fwp%2Fv2%2Fmedia&parent=192815"}],"wp:term":[{"taxonomy":"category","embeddable":true,"href":"http:\/\/vertienteglobal.com\/index.php?rest_route=%2Fwp%2Fv2%2Fcategories&post=192815"},{"taxonomy":"post_tag","embeddable":true,"href":"http:\/\/vertienteglobal.com\/index.php?rest_route=%2Fwp%2Fv2%2Ftags&post=192815"}],"curies":[{"name":"wp","href":"https:\/\/api.w.org\/{rel}","templated":true}]}}