{"id":192710,"date":"2021-11-13T18:19:07","date_gmt":"2021-11-14T00:19:07","guid":{"rendered":"http:\/\/vertienteglobal.com\/?p=192710"},"modified":"2021-11-14T22:10:41","modified_gmt":"2021-11-15T04:10:41","slug":"habra-festival-de-memes-en-la-cdmx-el-10-y-11-de-diciembre","status":"publish","type":"post","link":"http:\/\/vertienteglobal.com\/?p=192710","title":{"rendered":"Habr\u00e1 festival de memes en la CDMX el 10 y 11 de diciembre"},"content":{"rendered":"\n<div class=\"twitterbutton\" style=\"float: right; padding-left: 5px;\"><a href=\"http:\/\/twitter.com\/share\" class=\"twitter-share-button\" data-count=\"horizontal\" data-text=\"Habr\u00e1 festival de memes en la CDMX el 10 y 11 de diciembre\" data-via=\"https:\/\/twitter.com\/VertienteGloba1\" data-url=\"http:\/\/vertienteglobal.com\/?p=192710\" data-lang=\"es\" data-related=\"Informaci\u00f3n general:S\u00edguenos para que est\u00e9ss informado\"><\/a><\/div>\n<figure class=\"wp-block-image size-large\"><img loading=\"lazy\" decoding=\"async\" width=\"1024\" height=\"577\" src=\"http:\/\/vertienteglobal.com\/wp-content\/uploads\/2021\/11\/160763.jpg\" alt=\"\" class=\"wp-image-192711\" srcset=\"http:\/\/vertienteglobal.com\/wp-content\/uploads\/2021\/11\/160763.jpg 1024w, http:\/\/vertienteglobal.com\/wp-content\/uploads\/2021\/11\/160763-300x169.jpg 300w, http:\/\/vertienteglobal.com\/wp-content\/uploads\/2021\/11\/160763-150x85.jpg 150w, http:\/\/vertienteglobal.com\/wp-content\/uploads\/2021\/11\/160763-768x433.jpg 768w\" sizes=\"auto, (max-width: 1024px) 100vw, 1024px\" \/><\/figure>\n\n\n\n<p>(Redacci\u00f3n)<\/p>\n\n\n\n<p>Durante el evento se realizar\u00e1 Meme Awards, premiaci\u00f3n que consistir\u00e1 en 16 categor\u00edas relacionadas a lo mejor de la creaci\u00f3n de memes durante el a\u00f1o<\/p>\n\n\n\n<p>Ciudad de M\u00e9xico a 13 de noviembre de 2021.-Con el objetivo de promover nuevos lenguajes de comunicaci\u00f3n digital, se anunci\u00f3 el primer Festival Internacional del Meme, que tendr\u00e1 lugar en la Ciudad de M\u00e9xico los pr\u00f3ximos 10 y 11 de diciembre.<\/p>\n\n\n\n<p>Y es que en este encuentro donde habr\u00e1 varias actividades, desde ponencias hasta stand up, adem\u00e1s de mercanc\u00eda, se realizar\u00e1 de forma h\u00edbrida, pues el primer d\u00eda ser\u00e1 digital y el segundo d\u00eda har\u00e1 uso de las instalaciones del Centro Cultural Juan Rulfo, ubicado en la colonia Insurgentes Mixcoac.<\/p>\n\n\n\n<p>Entre los memeros y creativos que participar\u00e1n en el Festival, destacan: Simpsonito Monero Alarc\u00f3n Memegraf\u00edas Las aventuras de Carlos Salinas de Gortari Instituto Nacional de Bellos Memes Comentarios de Se\u00f1ores Rom\u00e1nticos Instituto del Meme Electoral.<\/p>\n\n\n\n<p>Durante el evento se realizar\u00e1 Meme Awards, premiaci\u00f3n que consistir\u00e1 en 16 categor\u00edas relacionadas a lo mejor de la creaci\u00f3n de memes durante el a\u00f1o. (Fuente:Chilango)<\/p>\n","protected":false},"excerpt":{"rendered":"<p>(Redacci\u00f3n) Durante el evento se realizar\u00e1 Meme Awards, premiaci\u00f3n que consistir\u00e1 en 16 categor\u00edas relacionadas a lo mejor de la creaci\u00f3n de memes durante el a\u00f1o Ciudad de M\u00e9xico a 13 de noviembre de 2021.-Con el objetivo de promover nuevos lenguajes de comunicaci\u00f3n digital, se anunci\u00f3 el primer Festival Internacional del Meme, que tendr\u00e1 lugar [&hellip;]<\/p>\n","protected":false},"author":1,"featured_media":192711,"comment_status":"open","ping_status":"open","sticky":false,"template":"","format":"standard","meta":{"footnotes":""},"categories":[8],"tags":[],"class_list":["post-192710","post","type-post","status-publish","format-standard","has-post-thumbnail","hentry","category-pais","entry","has-media"],"jetpack_featured_media_url":"http:\/\/vertienteglobal.com\/wp-content\/uploads\/2021\/11\/160763.jpg","_links":{"self":[{"href":"http:\/\/vertienteglobal.com\/index.php?rest_route=\/wp\/v2\/posts\/192710","targetHints":{"allow":["GET"]}}],"collection":[{"href":"http:\/\/vertienteglobal.com\/index.php?rest_route=\/wp\/v2\/posts"}],"about":[{"href":"http:\/\/vertienteglobal.com\/index.php?rest_route=\/wp\/v2\/types\/post"}],"author":[{"embeddable":true,"href":"http:\/\/vertienteglobal.com\/index.php?rest_route=\/wp\/v2\/users\/1"}],"replies":[{"embeddable":true,"href":"http:\/\/vertienteglobal.com\/index.php?rest_route=%2Fwp%2Fv2%2Fcomments&post=192710"}],"version-history":[{"count":0,"href":"http:\/\/vertienteglobal.com\/index.php?rest_route=\/wp\/v2\/posts\/192710\/revisions"}],"wp:featuredmedia":[{"embeddable":true,"href":"http:\/\/vertienteglobal.com\/index.php?rest_route=\/wp\/v2\/media\/192711"}],"wp:attachment":[{"href":"http:\/\/vertienteglobal.com\/index.php?rest_route=%2Fwp%2Fv2%2Fmedia&parent=192710"}],"wp:term":[{"taxonomy":"category","embeddable":true,"href":"http:\/\/vertienteglobal.com\/index.php?rest_route=%2Fwp%2Fv2%2Fcategories&post=192710"},{"taxonomy":"post_tag","embeddable":true,"href":"http:\/\/vertienteglobal.com\/index.php?rest_route=%2Fwp%2Fv2%2Ftags&post=192710"}],"curies":[{"name":"wp","href":"https:\/\/api.w.org\/{rel}","templated":true}]}}