{"id":192680,"date":"2021-11-14T18:24:00","date_gmt":"2021-11-15T00:24:00","guid":{"rendered":"http:\/\/vertienteglobal.com\/?p=192680"},"modified":"2021-11-14T18:48:55","modified_gmt":"2021-11-15T00:48:55","slug":"inicia-en-chiapas-yucatan-y-quintana-roo-el-programa-de-apoyo-de-rehabilitacion-e-inclusion-para-el-bienestar-de-ninas-y-ninos-con-discapacidad","status":"publish","type":"post","link":"http:\/\/vertienteglobal.com\/?p=192680","title":{"rendered":"Inicia en Chiapas, Yucat\u00e1n y Quintana Roo el Programa de Apoyo de Rehabilitaci\u00f3n e Inclusi\u00f3n para el Bienestar de Ni\u00f1as y Ni\u00f1os con Discapacidad"},"content":{"rendered":"\n<div class=\"twitterbutton\" style=\"float: right; padding-left: 5px;\"><a href=\"http:\/\/twitter.com\/share\" class=\"twitter-share-button\" data-count=\"horizontal\" data-text=\"Inicia en Chiapas, Yucat\u00e1n y Quintana Roo el Programa de Apoyo de Rehabilitaci?...\" data-via=\"https:\/\/twitter.com\/VertienteGloba1\" data-url=\"http:\/\/vertienteglobal.com\/?p=192680\" data-lang=\"es\" data-related=\"Informaci\u00f3n general:S\u00edguenos para que est\u00e9ss informado\"><\/a><\/div>\n<figure class=\"wp-block-image size-large\"><img loading=\"lazy\" decoding=\"async\" width=\"512\" height=\"342\" src=\"http:\/\/vertienteglobal.com\/wp-content\/uploads\/2021\/11\/hl-1992884606.jpeg\" alt=\"\" class=\"wp-image-192681\" srcset=\"http:\/\/vertienteglobal.com\/wp-content\/uploads\/2021\/11\/hl-1992884606.jpeg 512w, http:\/\/vertienteglobal.com\/wp-content\/uploads\/2021\/11\/hl-1992884606-300x200.jpeg 300w, http:\/\/vertienteglobal.com\/wp-content\/uploads\/2021\/11\/hl-1992884606-150x100.jpeg 150w\" sizes=\"auto, (max-width: 512px) 100vw, 512px\" \/><\/figure>\n\n\n\n<p>(Redacci\u00f3n)<\/p>\n\n\n\n<p>Estas tres entidades se suman a Ciudad de M\u00e9xico, Estado de M\u00e9xico, Jalisco, Michoac\u00e1n, Aguascalientes, Guanajuato, Coahuila, Durango, Sonora, Tamaulipas, y Veracruz que recientemente tambi\u00e9n ya pusieron en marcha este relevante programa<\/p>\n\n\n\n<p>Canc\u00fan, Quintana Roo a 14 de noviembre de 2021.-Este domingo inici\u00f3 el Programa de Apoyo de Rehabilitaci\u00f3n e Inclusi\u00f3n para el Bienestar de Ni\u00f1as y Ni\u00f1os con Discapacidad, en los Centros de Rehabilitaci\u00f3n Infantil Telet\u00f3n (CRIT) de Chiapas, Yucat\u00e1n y Quintana Roo.<\/p>\n\n\n\n<p>Este servicio integral es una inversi\u00f3n social del Gobierno de M\u00e9xico de 800 millones de pesos para atender a 20 mil ni\u00f1as y ni\u00f1os en el pa\u00eds; la Fundaci\u00f3n Telet\u00f3n brindar\u00e1 el servicio a las y los ni\u00f1os con discapacidad a trav\u00e9s de su infraestructura, sus conocimientos y experiencia en el tema, y la Secretar\u00eda de Bienestar implementar\u00e1 el programa.<\/p>\n\n\n\n<p>Es as\u00ed como en una primera etapa de atenci\u00f3n se ver\u00e1n beneficiados con este importante programa 859 ni\u00f1as y ni\u00f1os que viven en condici\u00f3n de discapacidad en Chiapas, 459 en Yucat\u00e1n y 455 en Quintana Roo que no hab\u00edan podido acceder a terapias y rehabilitaci\u00f3n para mejorar su calidad de vida.<\/p>\n\n\n\n<p>Estas tres entidades se suman a Ciudad de M\u00e9xico, Estado de M\u00e9xico, Jalisco, Michoac\u00e1n, Aguascalientes, Guanajuato, Coahuila, Durango, Sonora, Tamaulipas, y Veracruz que recientemente tambi\u00e9n ya pusieron en marcha este relevante programa.<\/p>\n\n\n\n<p>Las madres y padres de ni\u00f1as y ni\u00f1os con discapacidad que participan en este programa reciben un carnet y vales, donde se les dar\u00e1 seguimiento a las citas, as\u00ed como para registrar sus avances, pues la atenci\u00f3n ser\u00e1 personalizada para sus hijos, as\u00ed como una credencial.<\/p>\n\n\n\n<p>Este programa se suma a otra muy relevante acci\u00f3n en beneficio de este sector de la poblaci\u00f3n: la Pensi\u00f3n para el Bienestar de las Personas con Discapacidad Permanente, que actualmente atiende a 1 mill\u00f3n de ni\u00f1as y ni\u00f1os que lo necesitan, adem\u00e1s de ser un derecho plasmado en la Constituci\u00f3n.<\/p>\n\n\n\n<p>Recordar que esta pensi\u00f3n comenz\u00f3 cuando el Presidente Andr\u00e9s Manuel L\u00f3pez Obrador era jefe de Gobierno de la Ciudad de M\u00e9xico y ahora gracias a la confianza que el pueblo dep\u00f3sito en \u00e9l, no solo se extendi\u00f3 a todo el pa\u00eds, sino que adem\u00e1s la promovi\u00f3 para que ascendiera a derecho constitucional para garantizar que el recurso siempre les llegue de manera directa y sin intermedios a las ni\u00f1as y ni\u00f1os que viven con discapacidad, lo que actualmente es una importante realidad y un gran paso.<\/p>\n\n\n\n<p>Los eventos realizados para poner en marcha el Programa de Apoyo de Rehabilitaci\u00f3n e Inclusi\u00f3n para el Bienestar de Ni\u00f1as y Ni\u00f1os con Discapacidad estuvieron encabezados en Chiapas por el gobernador Rutilio Escand\u00f3n Cadenas, as\u00ed como por el Delegado Estatal de Programas para el Desarrollo en la entidad, Jos\u00e9 Antonio Aguilar Castillejos.<\/p>\n\n\n\n<p>En tanto, el Delegado Estatal de Programas para el Desarrollo en Quintana Roo, Arturo Emiliano Abreu Mar\u00edn, particip\u00f3 en el inicio del programa en su entidad; y Joaqu\u00edn D\u00edaz Mena, en su calidad de Delegado Estatal de Programas para el Desarrollo en Yucat\u00e1n.<\/p>\n\n\n\n<p>Asimismo, participaron autoridades de la Fundaci\u00f3n de Telet\u00f3n y directores de los CRITs en cada una de sus entidades para refrendar su compromiso de apoyar en esta importante labor que impulse a las ni\u00f1as y ni\u00f1os con discapacidad.<\/p>\n\n\n\n<figure class=\"wp-block-image size-large\"><img loading=\"lazy\" decoding=\"async\" width=\"512\" height=\"342\" src=\"http:\/\/vertienteglobal.com\/wp-content\/uploads\/2021\/11\/hl-1992884607.jpeg\" alt=\"\" class=\"wp-image-192683\" srcset=\"http:\/\/vertienteglobal.com\/wp-content\/uploads\/2021\/11\/hl-1992884607.jpeg 512w, http:\/\/vertienteglobal.com\/wp-content\/uploads\/2021\/11\/hl-1992884607-300x200.jpeg 300w, http:\/\/vertienteglobal.com\/wp-content\/uploads\/2021\/11\/hl-1992884607-150x100.jpeg 150w\" sizes=\"auto, (max-width: 512px) 100vw, 512px\" \/><\/figure>\n\n\n\n<figure class=\"wp-block-image size-large\"><img loading=\"lazy\" decoding=\"async\" width=\"512\" height=\"342\" src=\"http:\/\/vertienteglobal.com\/wp-content\/uploads\/2021\/11\/hl-1992884609.jpeg\" alt=\"\" class=\"wp-image-192684\" srcset=\"http:\/\/vertienteglobal.com\/wp-content\/uploads\/2021\/11\/hl-1992884609.jpeg 512w, http:\/\/vertienteglobal.com\/wp-content\/uploads\/2021\/11\/hl-1992884609-300x200.jpeg 300w, http:\/\/vertienteglobal.com\/wp-content\/uploads\/2021\/11\/hl-1992884609-150x100.jpeg 150w\" sizes=\"auto, (max-width: 512px) 100vw, 512px\" \/><\/figure>\n\n\n\n<figure class=\"wp-block-image size-large\"><img loading=\"lazy\" decoding=\"async\" width=\"512\" height=\"341\" src=\"http:\/\/vertienteglobal.com\/wp-content\/uploads\/2021\/11\/hl-1992884605.jpeg\" alt=\"\" class=\"wp-image-192685\" srcset=\"http:\/\/vertienteglobal.com\/wp-content\/uploads\/2021\/11\/hl-1992884605.jpeg 512w, http:\/\/vertienteglobal.com\/wp-content\/uploads\/2021\/11\/hl-1992884605-300x200.jpeg 300w, http:\/\/vertienteglobal.com\/wp-content\/uploads\/2021\/11\/hl-1992884605-150x100.jpeg 150w\" sizes=\"auto, (max-width: 512px) 100vw, 512px\" \/><\/figure>\n","protected":false},"excerpt":{"rendered":"<p>(Redacci\u00f3n) Estas tres entidades se suman a Ciudad de M\u00e9xico, Estado de M\u00e9xico, Jalisco, Michoac\u00e1n, Aguascalientes, Guanajuato, Coahuila, Durango, Sonora, Tamaulipas, y Veracruz que recientemente tambi\u00e9n ya pusieron en marcha este relevante programa Canc\u00fan, Quintana Roo a 14 de noviembre de 2021.-Este domingo inici\u00f3 el Programa de Apoyo de Rehabilitaci\u00f3n e Inclusi\u00f3n para el Bienestar [&hellip;]<\/p>\n","protected":false},"author":1,"featured_media":192681,"comment_status":"open","ping_status":"open","sticky":false,"template":"","format":"standard","meta":{"footnotes":""},"categories":[6,3],"tags":[],"class_list":["post-192680","post","type-post","status-publish","format-standard","has-post-thumbnail","hentry","category-chiapas","category-quintana-roo","entry","has-media"],"jetpack_featured_media_url":"http:\/\/vertienteglobal.com\/wp-content\/uploads\/2021\/11\/hl-1992884606.jpeg","_links":{"self":[{"href":"http:\/\/vertienteglobal.com\/index.php?rest_route=\/wp\/v2\/posts\/192680","targetHints":{"allow":["GET"]}}],"collection":[{"href":"http:\/\/vertienteglobal.com\/index.php?rest_route=\/wp\/v2\/posts"}],"about":[{"href":"http:\/\/vertienteglobal.com\/index.php?rest_route=\/wp\/v2\/types\/post"}],"author":[{"embeddable":true,"href":"http:\/\/vertienteglobal.com\/index.php?rest_route=\/wp\/v2\/users\/1"}],"replies":[{"embeddable":true,"href":"http:\/\/vertienteglobal.com\/index.php?rest_route=%2Fwp%2Fv2%2Fcomments&post=192680"}],"version-history":[{"count":0,"href":"http:\/\/vertienteglobal.com\/index.php?rest_route=\/wp\/v2\/posts\/192680\/revisions"}],"wp:featuredmedia":[{"embeddable":true,"href":"http:\/\/vertienteglobal.com\/index.php?rest_route=\/wp\/v2\/media\/192681"}],"wp:attachment":[{"href":"http:\/\/vertienteglobal.com\/index.php?rest_route=%2Fwp%2Fv2%2Fmedia&parent=192680"}],"wp:term":[{"taxonomy":"category","embeddable":true,"href":"http:\/\/vertienteglobal.com\/index.php?rest_route=%2Fwp%2Fv2%2Fcategories&post=192680"},{"taxonomy":"post_tag","embeddable":true,"href":"http:\/\/vertienteglobal.com\/index.php?rest_route=%2Fwp%2Fv2%2Ftags&post=192680"}],"curies":[{"name":"wp","href":"https:\/\/api.w.org\/{rel}","templated":true}]}}