{"id":192585,"date":"2021-11-11T13:21:00","date_gmt":"2021-11-11T19:21:00","guid":{"rendered":"http:\/\/vertienteglobal.com\/?p=192585"},"modified":"2021-11-11T15:10:05","modified_gmt":"2021-11-11T21:10:05","slug":"ultimatum-de-amlo-a-ferrer-y-alcocer-no-quiero-excusas-de-ningun-tipo-sobre-desabasto-de-medicamentos","status":"publish","type":"post","link":"http:\/\/vertienteglobal.com\/?p=192585","title":{"rendered":"Ultim\u00e1tum de AMLO a Ferrer y Alcocer, &#8216;no quiero excusas de ning\u00fan tipo&#8217;, sobre desabasto de medicamentos"},"content":{"rendered":"\n<div class=\"twitterbutton\" style=\"float: right; padding-left: 5px;\"><a href=\"http:\/\/twitter.com\/share\" class=\"twitter-share-button\" data-count=\"horizontal\" data-text=\"Ultim\u00e1tum de AMLO a Ferrer y Alcocer, &#8216;no quiero excusas de ning\u00fan tipo&...\" data-via=\"https:\/\/twitter.com\/VertienteGloba1\" data-url=\"http:\/\/vertienteglobal.com\/?p=192585\" data-lang=\"es\" data-related=\"Informaci\u00f3n general:S\u00edguenos para que est\u00e9ss informado\"><\/a><\/div>\n<p><\/p>\n\n\n\n<figure class=\"wp-block-image size-large\"><img loading=\"lazy\" decoding=\"async\" width=\"631\" height=\"379\" src=\"http:\/\/vertienteglobal.com\/wp-content\/uploads\/2021\/11\/Screenshot_20211111-160352_Chrome2.jpg\" alt=\"\" class=\"wp-image-192586\" srcset=\"http:\/\/vertienteglobal.com\/wp-content\/uploads\/2021\/11\/Screenshot_20211111-160352_Chrome2.jpg 631w, http:\/\/vertienteglobal.com\/wp-content\/uploads\/2021\/11\/Screenshot_20211111-160352_Chrome2-300x180.jpg 300w, http:\/\/vertienteglobal.com\/wp-content\/uploads\/2021\/11\/Screenshot_20211111-160352_Chrome2-150x90.jpg 150w\" sizes=\"auto, (max-width: 631px) 100vw, 631px\" \/><\/figure>\n\n\n\n<p>(Redacci\u00f3n)<\/p>\n\n\n\n<p>L\u00f3pez Obrador extern\u00f3 la intranquilidad que produce la falta de medicinas para enfermos. \u201cNo podemos dormir tranquilos\u201d<\/p>\n\n\n\n<p>Colima, colima, 11 de noviembre de 2021.- El Presidente Andr\u00e9s Manuel L\u00f3pez Obrador (AMLO) exigi\u00f3 a Juan Antonio Ferrer, director del Instituto de Salud para el Bienestar (Insabi), y al Secretario de Salud Jorge Alcocer Varela que \u201csin excusas\u201d se resuelva la problem\u00e1tica del desabasto de medicamentos, public\u00f3 sinembargo.mx.<\/p>\n\n\n\n<p>Y es que durante una conferencia ofrecida en Colima, donde se present\u00f3 el Plan de Apoyo para dicho estado, el Presidente expres\u00f3 la pronta necesidad de abastecer los medicamentos en el pa\u00eds.<\/p>\n\n\n\n<p>\u201cYa tenemos que terminar de resolver el problema del abasto de los medicamentos. Esto es para Juan Ferrer y el Dr. Alcocer: yo no quiero escuchar que faltan medicamentos, y no quiero excusas de ning\u00fan tipo\u201d, dijo AMLO.<\/p>\n\n\n\n<p>Ante esta cuesti\u00f3n, L\u00f3pez Obrador extern\u00f3 la intranquilidad que produce la falta de medicinas para enfermos. \u201cNo podemos dormir tranquilos\u201d, expres\u00f3.<\/p>\n\n\n\n<p>En su visita al estado de Colima, AMLO hizo la presentaci\u00f3n del Plan de Apoyo para el estado, el cual siendo principalmente de tipo financiero, \u201cse reforzar\u00e1 la seguridad y la implementaci\u00f3n de los Programas para el Bienestar\u201d, menciona el sitio oficial de la Oficina de la Presidencia.<\/p>\n\n\n\n<p>\u201cSe han tomado decisiones para garantizar la paz, la tranquilidad en Colima. Creo que la m\u00e1s importante decisi\u00f3n que se tom\u00f3 fue el entregar el puerto de Manzanillo para que fuese operado, administrado por la Secretar\u00eda de Marina. [\u2026] Esto ha ayudado bastante: han bajado los homicidios\u201d, se\u00f1al\u00f3.<\/p>\n\n\n\n<p>De la misma forma, indic\u00f3 que habr\u00e1 atenci\u00f3n a las causas de la inseguridad en Colima a trav\u00e9s del programa J\u00f3venes Construyendo el Futuro; as\u00ed como la iniciativa de fortalecer la iniciativa Sembrando Vida, cuya meta es la de cultivar hasta 13 mil hect\u00e1reas de \u00e1rboles frutales y maderables.<\/p>\n\n\n\n<p>En presencia de la Gobernadora Indira Vizca\u00edno Silva, el Presidente instruy\u00f3 a la Secretar\u00eda de Educaci\u00f3n P\u00fablica (SEP) de Colima que se incrementen los esfuerzos para la dotaci\u00f3n de libros de texto gratuitos al estudiantado; as\u00ed como condiciones justas para el profesorado y la entrega oportuna de becas en todos los niveles escolares. (Fuente: sinembargo)<\/p>\n","protected":false},"excerpt":{"rendered":"<p>(Redacci\u00f3n) L\u00f3pez Obrador extern\u00f3 la intranquilidad que produce la falta de medicinas para enfermos. \u201cNo podemos dormir tranquilos\u201d Colima, colima, 11 de noviembre de 2021.- El Presidente Andr\u00e9s Manuel L\u00f3pez Obrador (AMLO) exigi\u00f3 a Juan Antonio Ferrer, director del Instituto de Salud para el Bienestar (Insabi), y al Secretario de Salud Jorge Alcocer Varela que [&hellip;]<\/p>\n","protected":false},"author":1,"featured_media":192586,"comment_status":"open","ping_status":"open","sticky":false,"template":"","format":"standard","meta":{"footnotes":""},"categories":[8],"tags":[],"class_list":["post-192585","post","type-post","status-publish","format-standard","has-post-thumbnail","hentry","category-pais","entry","has-media"],"jetpack_featured_media_url":"http:\/\/vertienteglobal.com\/wp-content\/uploads\/2021\/11\/Screenshot_20211111-160352_Chrome2.jpg","_links":{"self":[{"href":"http:\/\/vertienteglobal.com\/index.php?rest_route=\/wp\/v2\/posts\/192585","targetHints":{"allow":["GET"]}}],"collection":[{"href":"http:\/\/vertienteglobal.com\/index.php?rest_route=\/wp\/v2\/posts"}],"about":[{"href":"http:\/\/vertienteglobal.com\/index.php?rest_route=\/wp\/v2\/types\/post"}],"author":[{"embeddable":true,"href":"http:\/\/vertienteglobal.com\/index.php?rest_route=\/wp\/v2\/users\/1"}],"replies":[{"embeddable":true,"href":"http:\/\/vertienteglobal.com\/index.php?rest_route=%2Fwp%2Fv2%2Fcomments&post=192585"}],"version-history":[{"count":0,"href":"http:\/\/vertienteglobal.com\/index.php?rest_route=\/wp\/v2\/posts\/192585\/revisions"}],"wp:featuredmedia":[{"embeddable":true,"href":"http:\/\/vertienteglobal.com\/index.php?rest_route=\/wp\/v2\/media\/192586"}],"wp:attachment":[{"href":"http:\/\/vertienteglobal.com\/index.php?rest_route=%2Fwp%2Fv2%2Fmedia&parent=192585"}],"wp:term":[{"taxonomy":"category","embeddable":true,"href":"http:\/\/vertienteglobal.com\/index.php?rest_route=%2Fwp%2Fv2%2Fcategories&post=192585"},{"taxonomy":"post_tag","embeddable":true,"href":"http:\/\/vertienteglobal.com\/index.php?rest_route=%2Fwp%2Fv2%2Ftags&post=192585"}],"curies":[{"name":"wp","href":"https:\/\/api.w.org\/{rel}","templated":true}]}}